{"id":17428,"date":"2021-03-09T11:03:18","date_gmt":"2021-03-09T10:03:18","guid":{"rendered":"https:\/\/calviadeportes.com\/carlos-cruz-futbol\/"},"modified":"2021-03-09T11:12:26","modified_gmt":"2021-03-09T10:12:26","slug":"carlos-cruz-futbol-entrevista","status":"publish","type":"post","link":"https:\/\/calviadeportes.com\/ca\/carlos-cruz-futbol-entrevista\/","title":{"rendered":"Carlos Cruz &#8211; Futbol"},"content":{"rendered":"<blockquote>\n<h3><span style=\"color: #e1323a;\"><strong>Carlos Cruz &#8211; <\/strong><\/span>Futbol<\/h3>\n<\/blockquote>\n<ul>\n<li><strong>Com et noms?<\/strong><\/li>\n<\/ul>\n<p><span style=\"font-weight: 400;\">Carlos Cruz Exp\u00f3sito.<\/span><\/p>\n<ul>\n<li><strong>Quants anys tens?<\/strong><\/li>\n<\/ul>\n<p><span style=\"font-weight: 400;\">Tinc 34 anys.<\/span><\/p>\n<ul>\n<li><strong>En quin club entrenes? I a quin equip?<\/strong><\/li>\n<\/ul>\n<p>S\u00f3c entrenador de l&#8217;equip infantil del\u00a0<span class=\"hiddenSpellError\">CF<\/span>\u00a0Platges de Calvi\u00e0.<\/p>\n<ul>\n<li><strong>Qu\u00e8 \u00e9s el m\u00e9s dif\u00edcil del teu treball en l&#8217;equip?<\/strong><\/li>\n<\/ul>\n<p>Que m&#8217;escoltin i em facin cas.<\/p>\n<ul>\n<li><strong>Qu\u00e8 \u00e9s el que m\u00e9s t&#8217;agrada del teu treball?<\/strong><\/li>\n<\/ul>\n<p>Moltes coses, per exemple quan tot va b\u00e9 i tinc bona actitud.<\/p>\n<ul>\n<li><strong>Per qu\u00e8 vas triar ser entrenador de futbol i no d&#8217;un altre esport?<\/strong><\/li>\n<\/ul>\n<p>Perqu\u00e8 em pos content fent el meu treball i m&#8217;agrada aquest club. El futbol \u00e9s l&#8217;esport que m\u00e9s m&#8217;agrada, m&#8217;agrada tot d&#8217;ell.<\/p>\n<ul>\n<li><strong>Qui \u00e9s el teu entrenador preferit?<\/strong><\/li>\n<\/ul>\n<p>Miguel \u00c1ngel Ferrer \u00ab<span class=\"hiddenSpellError\">Polero<\/span>\u00ab, un entrenador mallorqu\u00ed.<\/p>\n<ul>\n<li><strong>Quin equip \u00e9s el que millor juga ara mateix a la Lliga Espanyola?<\/strong><\/li>\n<\/ul>\n<p>L&#8217;Atl\u00e8tic de Madrid, encara que jo s\u00f3c del Bar\u00e7a.<\/p>\n<ul>\n<li><strong>Quant de temps fa que entrenes?<\/strong><\/li>\n<\/ul>\n<p>No tinc molta mem\u00f2ria, per\u00f2\u00a0diria que dos anys.<\/p>\n<ul>\n<li><strong>Quan et vas adonar compta que volies ser entrenador de futbol?<\/strong><\/li>\n<\/ul>\n<p>Fa molt temps, quan jugava a futbol ja em vaig adonar que m&#8217;agradava pensar i dir el que cal fer.<\/p>\n<ul>\n<li><strong>El\u00a0<span class=\"hiddenSpellError\">CF<\/span>\u00a0Platges de Calvi\u00e0 ha estat el primer club en el qual has estat entrenador?<\/strong><\/li>\n<\/ul>\n<p><span style=\"font-weight: 400;\">S\u00ed.<\/span><\/p>\n<ul>\n<li><strong>Quants dies de la setmana entrenes?<\/strong><\/li>\n<\/ul>\n<p>Dos dies.<\/p>\n<ul>\n<li><strong>Quines aspiracions tens com a entrenador?<\/strong><\/li>\n<\/ul>\n<p>Vull arribar pel cap alt lluny, m&#8217;agradaria ser entrenador del\u00a0<span class=\"hiddenSpellError\">CF<\/span> Platges de Calvi\u00e0 en <span style=\"font-weight: 400;\"> 3\u00aa, 2\u00aaB, 2\u00aaA o 1\u00aa<\/span>.<\/p>\n<ul>\n<li><strong>T&#8217;agradaria dedicar-te a aix\u00f2 tota la teva vida?<\/strong><\/li>\n<\/ul>\n<p><span style=\"font-weight: 400;\">La veritat que s\u00ed.\u00a0<\/span><\/p>\n<ul>\n<li><strong>Tens alg\u00fa \u00eddol\/exemple a seguir? Si la resposta \u00e9s afirmativa, esmenta qui \u00e9s.<\/strong><\/li>\n<\/ul>\n<p>No, no em\u00a0fix\u00a0en ning\u00fa a l&#8217;hora de treballar, solament en mi mateix.<\/p>\n<ul>\n<li><strong>Qu\u00e8 \u00e9s el m\u00e9s bonic que t&#8217;ha passat en un camp de futbol com a entrenador?<\/strong><\/li>\n<\/ul>\n<p>M&#8217;ho poses molt dif\u00edcil&#8230; Per\u00f2 una de les coses m\u00e9s boniques \u00e9s quan anem perdent un partit i al final remuntem. Em\u00a0record\u00a0d&#8217;un contra el Son Sardina, que un dels nens que juga en banda i corre molt, va marcar els gols que al final ens van fer guanyar.<\/p>\n<ul>\n<li><strong>Qui \u00e9s el teu jugador de futbol preferit? Per qu\u00e8?<\/strong><\/li>\n<\/ul>\n<p>De la lliga espanyola\u00a0<span class=\"hiddenSpellError\">Andr\u00e9s<\/span>\u00a0<span class=\"hiddenSpellError\">Iniesta<\/span>, per\u00f2 del meu club el jugador que m\u00e9s m&#8217;agrada \u00e9s\u00a0<span class=\"hiddenSpellError\">Josemi<\/span>.<\/p>\n<ul>\n<li><strong>Quina \u00e9s la frase que li repeteixes m\u00e9s vegades als teus jugadors?<\/strong><\/li>\n<\/ul>\n<p>Sempre els dic que tinguin actitud i que pensin en positiu.<\/p>\n<ul>\n<li><strong>Qu\u00e8 li diries als nins i nines de Calvi\u00e0 que encara no fan esport per a motivar-los i que volguessin fer-ho.<\/strong><\/li>\n<\/ul>\n<p>Que posin ganes, que qualque dia el trauran.<\/p>\n<p><strong>TEST<\/strong><\/p>\n<p><span style=\"font-weight: 400;\"><strong> Pel\u00b7l\u00edcula o s\u00e8rie:<\/strong> La que se avecina.<\/span><\/p>\n<p><span style=\"font-weight: 400;\"><strong>Llibre:<\/strong> No tinc.<\/span><\/p>\n<p><span style=\"font-weight: 400;\"><strong>M\u00fasica:<\/strong> No solc posar m\u00fasica.\u00a0 <\/span><\/p>\n<p><span style=\"font-weight: 400;\"><strong>Menjar:<\/strong> Els spaguettis a la carbonara del meu pare, que \u00e9s cuiner i els fa molt b\u00e9, per\u00f2 m&#8217;agraden els que no tenen ou, nom\u00e9s nata i bacon.<\/span><\/p>\n<p><span style=\"font-weight: 400;\"><strong>Youtuber preferit: <\/strong>en Youtube mir v\u00eddeos per a treure coses interessants de la plataforma per\u00f2 no tinc a ning\u00fa favorit.<\/span><\/p>\n<blockquote><p><span style=\"color: #e1323a;\"><strong>M&#8217;agradaria donar-li una salutaci\u00f3 a tots els nens del meu equip, que s\u00f3n bon\u00edssims i els vull un munt.<\/strong><\/span><\/p><\/blockquote>\n","protected":false},"excerpt":{"rendered":"<p>Carlos Cruz &#8211; Futbol Com et noms? Carlos Cruz Exp\u00f3sito. Quants anys tens? Tinc 34 anys. En quin club entrenes? I a quin equip? S\u00f3c entrenador de l&#8217;equip infantil del\u00a0CF\u00a0Platges&#8230;<\/p>\n","protected":false},"author":75162113,"featured_media":17175,"comment_status":"open","ping_status":"open","sticky":false,"template":"","format":"standard","meta":{"_coblocks_attr":"","_coblocks_dimensions":"","_coblocks_responsive_height":"","_coblocks_accordion_ie_support":"","_jetpack_newsletter_access":"","_jetpack_dont_email_post_to_subs":false,"_jetpack_newsletter_tier_id":0,"_jetpack_memberships_contains_paywalled_content":false,"_wpcom_ai_launchpad_first_post":false,"_jetpack_feature_clip_id":0,"_jetpack_memberships_contains_paid_content":false,"footnotes":"","jetpack_publicize_message":"{title}\n\n{excerpt}\n\n{url}","jetpack_publicize_feature_enabled":true,"jetpack_social_post_already_shared":true,"jetpack_social_options":{"image_generator_settings":{"template":"highway","default_image_id":0,"font":"","enabled":false},"version":2},"_wpas_customize_per_network":false,"jetpack_post_was_ever_published":false},"categories":[214,224],"tags":[],"class_list":["post-17428","post","type-post","status-publish","format-standard","has-post-thumbnail","hentry","category-calvia-ca","category-futbol-ca"],"yoast_head":"<!-- This site is optimized with the Yoast SEO plugin v28.4 - https:\/\/yoast.com\/product\/yoast-seo-wordpress\/ -->\n<title>Carlos Cruz - Futbol - Calvi\u00e0 - Palma de Mallorca<\/title>\n<meta name=\"description\" content=\"Carlos \u00e9s entrenador de futbol de l&#039;equip infantil del club CF Platges de Calvi\u00e0, li encanta aquest esport i somia amb cr\u00e9ixer com a entrenador.\" \/>\n<meta name=\"robots\" content=\"index, follow, max-snippet:-1, max-image-preview:large, max-video-preview:-1\" \/>\n<link rel=\"canonical\" href=\"https:\/\/calviadeportes.com\/ca\/carlos-cruz-futbol-entrevista\/\" \/>\n<meta property=\"og:locale\" content=\"ca_ES\" \/>\n<meta property=\"og:type\" content=\"article\" \/>\n<meta property=\"og:title\" content=\"Carlos Cruz - Futbol - Calvi\u00e0 - Palma de Mallorca\" \/>\n<meta property=\"og:description\" content=\"Carlos \u00e9s entrenador de futbol de l&#039;equip infantil del club CF Platges de Calvi\u00e0, li encanta aquest esport i somia amb cr\u00e9ixer com a entrenador.\" \/>\n<meta property=\"og:url\" content=\"https:\/\/calviadeportes.com\/ca\/carlos-cruz-futbol-entrevista\/\" \/>\n<meta property=\"og:site_name\" content=\"Calvi\u00e0 esports\" \/>\n<meta property=\"article:published_time\" content=\"2021-03-09T10:03:18+00:00\" \/>\n<meta property=\"article:modified_time\" content=\"2021-03-09T10:12:26+00:00\" \/>\n<meta property=\"og:image\" content=\"https:\/\/i0.wp.com\/calviadeportes.com\/wp-content\/uploads\/2021\/02\/Carlos-Cruz-Entrevista.jpg?fit=4032%2C3024&ssl=1\" \/>\n\t<meta property=\"og:image:width\" content=\"4032\" \/>\n\t<meta property=\"og:image:height\" content=\"3024\" \/>\n\t<meta property=\"og:image:type\" content=\"image\/jpeg\" \/>\n<meta name=\"author\" content=\"calviadeportes\" \/>\n<meta name=\"twitter:card\" content=\"summary_large_image\" \/>\n<meta name=\"twitter:label1\" content=\"Escrit per\" \/>\n\t<meta name=\"twitter:data1\" content=\"calviadeportes\" \/>\n\t<meta name=\"twitter:label2\" content=\"Temps estimat de lectura\" \/>\n\t<meta name=\"twitter:data2\" content=\"3 minuts\" \/>\n<script type=\"application\/ld+json\" class=\"yoast-schema-graph\">{\"@context\":\"https:\\\/\\\/schema.org\",\"@graph\":[{\"@type\":\"Article\",\"@id\":\"https:\\\/\\\/calviadeportes.com\\\/ca\\\/carlos-cruz-futbol-entrevista\\\/#article\",\"isPartOf\":{\"@id\":\"https:\\\/\\\/calviadeportes.com\\\/ca\\\/carlos-cruz-futbol-entrevista\\\/\"},\"author\":{\"name\":\"calviadeportes\",\"@id\":\"https:\\\/\\\/calviadeportes.com\\\/ca\\\/#\\\/schema\\\/person\\\/a7fc55eb915b1a69915da307231a7592\"},\"headline\":\"Carlos Cruz &#8211; Futbol\",\"datePublished\":\"2021-03-09T10:03:18+00:00\",\"dateModified\":\"2021-03-09T10:12:26+00:00\",\"mainEntityOfPage\":{\"@id\":\"https:\\\/\\\/calviadeportes.com\\\/ca\\\/carlos-cruz-futbol-entrevista\\\/\"},\"wordCount\":553,\"commentCount\":0,\"image\":{\"@id\":\"https:\\\/\\\/calviadeportes.com\\\/ca\\\/carlos-cruz-futbol-entrevista\\\/#primaryimage\"},\"thumbnailUrl\":\"https:\\\/\\\/i0.wp.com\\\/calviadeportes.com\\\/wp-content\\\/uploads\\\/2021\\\/02\\\/Carlos-Cruz-Entrevista.jpg?fit=4032%2C3024&ssl=1\",\"articleSection\":[\"Calvi\u00e0\",\"Futbol\"],\"inLanguage\":\"ca\",\"potentialAction\":[{\"@type\":\"CommentAction\",\"name\":\"Comment\",\"target\":[\"https:\\\/\\\/calviadeportes.com\\\/ca\\\/carlos-cruz-futbol-entrevista\\\/#respond\"]}]},{\"@type\":\"WebPage\",\"@id\":\"https:\\\/\\\/calviadeportes.com\\\/ca\\\/carlos-cruz-futbol-entrevista\\\/\",\"url\":\"https:\\\/\\\/calviadeportes.com\\\/ca\\\/carlos-cruz-futbol-entrevista\\\/\",\"name\":\"Carlos Cruz - Futbol - Calvi\u00e0 - Palma de Mallorca\",\"isPartOf\":{\"@id\":\"https:\\\/\\\/calviadeportes.com\\\/ca\\\/#website\"},\"primaryImageOfPage\":{\"@id\":\"https:\\\/\\\/calviadeportes.com\\\/ca\\\/carlos-cruz-futbol-entrevista\\\/#primaryimage\"},\"image\":{\"@id\":\"https:\\\/\\\/calviadeportes.com\\\/ca\\\/carlos-cruz-futbol-entrevista\\\/#primaryimage\"},\"thumbnailUrl\":\"https:\\\/\\\/i0.wp.com\\\/calviadeportes.com\\\/wp-content\\\/uploads\\\/2021\\\/02\\\/Carlos-Cruz-Entrevista.jpg?fit=4032%2C3024&ssl=1\",\"datePublished\":\"2021-03-09T10:03:18+00:00\",\"dateModified\":\"2021-03-09T10:12:26+00:00\",\"author\":{\"@id\":\"https:\\\/\\\/calviadeportes.com\\\/ca\\\/#\\\/schema\\\/person\\\/a7fc55eb915b1a69915da307231a7592\"},\"description\":\"Carlos \u00e9s entrenador de futbol de l'equip infantil del club CF Platges de Calvi\u00e0, li encanta aquest esport i somia amb cr\u00e9ixer com a entrenador.\",\"breadcrumb\":{\"@id\":\"https:\\\/\\\/calviadeportes.com\\\/ca\\\/carlos-cruz-futbol-entrevista\\\/#breadcrumb\"},\"inLanguage\":\"ca\",\"potentialAction\":[{\"@type\":\"ReadAction\",\"target\":[\"https:\\\/\\\/calviadeportes.com\\\/ca\\\/carlos-cruz-futbol-entrevista\\\/\"]}]},{\"@type\":\"ImageObject\",\"inLanguage\":\"ca\",\"@id\":\"https:\\\/\\\/calviadeportes.com\\\/ca\\\/carlos-cruz-futbol-entrevista\\\/#primaryimage\",\"url\":\"https:\\\/\\\/i0.wp.com\\\/calviadeportes.com\\\/wp-content\\\/uploads\\\/2021\\\/02\\\/Carlos-Cruz-Entrevista.jpg?fit=4032%2C3024&ssl=1\",\"contentUrl\":\"https:\\\/\\\/i0.wp.com\\\/calviadeportes.com\\\/wp-content\\\/uploads\\\/2021\\\/02\\\/Carlos-Cruz-Entrevista.jpg?fit=4032%2C3024&ssl=1\",\"width\":4032,\"height\":3024,\"caption\":\"Carlos Cruz Entrevista\"},{\"@type\":\"BreadcrumbList\",\"@id\":\"https:\\\/\\\/calviadeportes.com\\\/ca\\\/carlos-cruz-futbol-entrevista\\\/#breadcrumb\",\"itemListElement\":[{\"@type\":\"ListItem\",\"position\":1,\"name\":\"Portada\",\"item\":\"https:\\\/\\\/calviadeportes.com\\\/ca\\\/\"},{\"@type\":\"ListItem\",\"position\":2,\"name\":\"Carlos Cruz &#8211; Futbol\"}]},{\"@type\":\"WebSite\",\"@id\":\"https:\\\/\\\/calviadeportes.com\\\/ca\\\/#website\",\"url\":\"https:\\\/\\\/calviadeportes.com\\\/ca\\\/\",\"name\":\"Calvi\u00e0 esports\",\"description\":\"ICE Calvi\u00e0 | Ayuntamiento de Calvi\u00e0\",\"potentialAction\":[{\"@type\":\"SearchAction\",\"target\":{\"@type\":\"EntryPoint\",\"urlTemplate\":\"https:\\\/\\\/calviadeportes.com\\\/ca\\\/?s={search_term_string}\"},\"query-input\":{\"@type\":\"PropertyValueSpecification\",\"valueRequired\":true,\"valueName\":\"search_term_string\"}}],\"inLanguage\":\"ca\"},{\"@type\":\"Person\",\"@id\":\"https:\\\/\\\/calviadeportes.com\\\/ca\\\/#\\\/schema\\\/person\\\/a7fc55eb915b1a69915da307231a7592\",\"name\":\"calviadeportes\",\"image\":{\"@type\":\"ImageObject\",\"inLanguage\":\"ca\",\"@id\":\"https:\\\/\\\/secure.gravatar.com\\\/avatar\\\/87b9691b2c03ec0a454b08f3ed3df8fe97eaebe509ce5afc0ba27f40dd959288?s=96&d=mm&r=g\",\"url\":\"https:\\\/\\\/secure.gravatar.com\\\/avatar\\\/87b9691b2c03ec0a454b08f3ed3df8fe97eaebe509ce5afc0ba27f40dd959288?s=96&d=mm&r=g\",\"contentUrl\":\"https:\\\/\\\/secure.gravatar.com\\\/avatar\\\/87b9691b2c03ec0a454b08f3ed3df8fe97eaebe509ce5afc0ba27f40dd959288?s=96&d=mm&r=g\",\"caption\":\"calviadeportes\"},\"sameAs\":[\"http:\\\/\\\/calviadeportes.wordpress.com\"],\"url\":\"https:\\\/\\\/calviadeportes.com\\\/ca\\\/author\\\/calviadeportes\\\/\"}]}<\/script>\n<!-- \/ Yoast SEO plugin. -->","yoast_head_json":{"title":"Carlos Cruz - Futbol - Calvi\u00e0 - Palma de Mallorca","description":"Carlos \u00e9s entrenador de futbol de l'equip infantil del club CF Platges de Calvi\u00e0, li encanta aquest esport i somia amb cr\u00e9ixer com a entrenador.","robots":{"index":"index","follow":"follow","max-snippet":"max-snippet:-1","max-image-preview":"max-image-preview:large","max-video-preview":"max-video-preview:-1"},"canonical":"https:\/\/calviadeportes.com\/ca\/carlos-cruz-futbol-entrevista\/","og_locale":"ca_ES","og_type":"article","og_title":"Carlos Cruz - Futbol - Calvi\u00e0 - Palma de Mallorca","og_description":"Carlos \u00e9s entrenador de futbol de l'equip infantil del club CF Platges de Calvi\u00e0, li encanta aquest esport i somia amb cr\u00e9ixer com a entrenador.","og_url":"https:\/\/calviadeportes.com\/ca\/carlos-cruz-futbol-entrevista\/","og_site_name":"Calvi\u00e0 esports","article_published_time":"2021-03-09T10:03:18+00:00","article_modified_time":"2021-03-09T10:12:26+00:00","og_image":[{"width":4032,"height":3024,"url":"https:\/\/i0.wp.com\/calviadeportes.com\/wp-content\/uploads\/2021\/02\/Carlos-Cruz-Entrevista.jpg?fit=4032%2C3024&ssl=1","type":"image\/jpeg"}],"author":"calviadeportes","twitter_card":"summary_large_image","twitter_misc":{"Escrit per":"calviadeportes","Temps estimat de lectura":"3 minuts"},"schema":{"@context":"https:\/\/schema.org","@graph":[{"@type":"Article","@id":"https:\/\/calviadeportes.com\/ca\/carlos-cruz-futbol-entrevista\/#article","isPartOf":{"@id":"https:\/\/calviadeportes.com\/ca\/carlos-cruz-futbol-entrevista\/"},"author":{"name":"calviadeportes","@id":"https:\/\/calviadeportes.com\/ca\/#\/schema\/person\/a7fc55eb915b1a69915da307231a7592"},"headline":"Carlos Cruz &#8211; Futbol","datePublished":"2021-03-09T10:03:18+00:00","dateModified":"2021-03-09T10:12:26+00:00","mainEntityOfPage":{"@id":"https:\/\/calviadeportes.com\/ca\/carlos-cruz-futbol-entrevista\/"},"wordCount":553,"commentCount":0,"image":{"@id":"https:\/\/calviadeportes.com\/ca\/carlos-cruz-futbol-entrevista\/#primaryimage"},"thumbnailUrl":"https:\/\/i0.wp.com\/calviadeportes.com\/wp-content\/uploads\/2021\/02\/Carlos-Cruz-Entrevista.jpg?fit=4032%2C3024&ssl=1","articleSection":["Calvi\u00e0","Futbol"],"inLanguage":"ca","potentialAction":[{"@type":"CommentAction","name":"Comment","target":["https:\/\/calviadeportes.com\/ca\/carlos-cruz-futbol-entrevista\/#respond"]}]},{"@type":"WebPage","@id":"https:\/\/calviadeportes.com\/ca\/carlos-cruz-futbol-entrevista\/","url":"https:\/\/calviadeportes.com\/ca\/carlos-cruz-futbol-entrevista\/","name":"Carlos Cruz - Futbol - Calvi\u00e0 - Palma de Mallorca","isPartOf":{"@id":"https:\/\/calviadeportes.com\/ca\/#website"},"primaryImageOfPage":{"@id":"https:\/\/calviadeportes.com\/ca\/carlos-cruz-futbol-entrevista\/#primaryimage"},"image":{"@id":"https:\/\/calviadeportes.com\/ca\/carlos-cruz-futbol-entrevista\/#primaryimage"},"thumbnailUrl":"https:\/\/i0.wp.com\/calviadeportes.com\/wp-content\/uploads\/2021\/02\/Carlos-Cruz-Entrevista.jpg?fit=4032%2C3024&ssl=1","datePublished":"2021-03-09T10:03:18+00:00","dateModified":"2021-03-09T10:12:26+00:00","author":{"@id":"https:\/\/calviadeportes.com\/ca\/#\/schema\/person\/a7fc55eb915b1a69915da307231a7592"},"description":"Carlos \u00e9s entrenador de futbol de l'equip infantil del club CF Platges de Calvi\u00e0, li encanta aquest esport i somia amb cr\u00e9ixer com a entrenador.","breadcrumb":{"@id":"https:\/\/calviadeportes.com\/ca\/carlos-cruz-futbol-entrevista\/#breadcrumb"},"inLanguage":"ca","potentialAction":[{"@type":"ReadAction","target":["https:\/\/calviadeportes.com\/ca\/carlos-cruz-futbol-entrevista\/"]}]},{"@type":"ImageObject","inLanguage":"ca","@id":"https:\/\/calviadeportes.com\/ca\/carlos-cruz-futbol-entrevista\/#primaryimage","url":"https:\/\/i0.wp.com\/calviadeportes.com\/wp-content\/uploads\/2021\/02\/Carlos-Cruz-Entrevista.jpg?fit=4032%2C3024&ssl=1","contentUrl":"https:\/\/i0.wp.com\/calviadeportes.com\/wp-content\/uploads\/2021\/02\/Carlos-Cruz-Entrevista.jpg?fit=4032%2C3024&ssl=1","width":4032,"height":3024,"caption":"Carlos Cruz Entrevista"},{"@type":"BreadcrumbList","@id":"https:\/\/calviadeportes.com\/ca\/carlos-cruz-futbol-entrevista\/#breadcrumb","itemListElement":[{"@type":"ListItem","position":1,"name":"Portada","item":"https:\/\/calviadeportes.com\/ca\/"},{"@type":"ListItem","position":2,"name":"Carlos Cruz &#8211; Futbol"}]},{"@type":"WebSite","@id":"https:\/\/calviadeportes.com\/ca\/#website","url":"https:\/\/calviadeportes.com\/ca\/","name":"Calvi\u00e0 esports","description":"ICE Calvi\u00e0 | Ayuntamiento de Calvi\u00e0","potentialAction":[{"@type":"SearchAction","target":{"@type":"EntryPoint","urlTemplate":"https:\/\/calviadeportes.com\/ca\/?s={search_term_string}"},"query-input":{"@type":"PropertyValueSpecification","valueRequired":true,"valueName":"search_term_string"}}],"inLanguage":"ca"},{"@type":"Person","@id":"https:\/\/calviadeportes.com\/ca\/#\/schema\/person\/a7fc55eb915b1a69915da307231a7592","name":"calviadeportes","image":{"@type":"ImageObject","inLanguage":"ca","@id":"https:\/\/secure.gravatar.com\/avatar\/87b9691b2c03ec0a454b08f3ed3df8fe97eaebe509ce5afc0ba27f40dd959288?s=96&d=mm&r=g","url":"https:\/\/secure.gravatar.com\/avatar\/87b9691b2c03ec0a454b08f3ed3df8fe97eaebe509ce5afc0ba27f40dd959288?s=96&d=mm&r=g","contentUrl":"https:\/\/secure.gravatar.com\/avatar\/87b9691b2c03ec0a454b08f3ed3df8fe97eaebe509ce5afc0ba27f40dd959288?s=96&d=mm&r=g","caption":"calviadeportes"},"sameAs":["http:\/\/calviadeportes.wordpress.com"],"url":"https:\/\/calviadeportes.com\/ca\/author\/calviadeportes\/"}]}},"jetpack_publicize_connections":[],"jetpack_likes_enabled":true,"jetpack_sharing_enabled":true,"jetpack_shortlink":"https:\/\/wp.me\/pckSre-4x6","jetpack_featured_media_url":"https:\/\/i0.wp.com\/calviadeportes.com\/wp-content\/uploads\/2021\/02\/Carlos-Cruz-Entrevista.jpg?fit=4032%2C3024&ssl=1","_links":{"self":[{"href":"https:\/\/calviadeportes.com\/ca\/wp-json\/wp\/v2\/posts\/17428","targetHints":{"allow":["GET"]}}],"collection":[{"href":"https:\/\/calviadeportes.com\/ca\/wp-json\/wp\/v2\/posts"}],"about":[{"href":"https:\/\/calviadeportes.com\/ca\/wp-json\/wp\/v2\/types\/post"}],"author":[{"embeddable":true,"href":"https:\/\/calviadeportes.com\/ca\/wp-json\/wp\/v2\/users\/75162113"}],"replies":[{"embeddable":true,"href":"https:\/\/calviadeportes.com\/ca\/wp-json\/wp\/v2\/comments?post=17428"}],"version-history":[{"count":2,"href":"https:\/\/calviadeportes.com\/ca\/wp-json\/wp\/v2\/posts\/17428\/revisions"}],"predecessor-version":[{"id":17430,"href":"https:\/\/calviadeportes.com\/ca\/wp-json\/wp\/v2\/posts\/17428\/revisions\/17430"}],"wp:featuredmedia":[{"embeddable":true,"href":"https:\/\/calviadeportes.com\/ca\/wp-json\/wp\/v2\/media\/17175"}],"wp:attachment":[{"href":"https:\/\/calviadeportes.com\/ca\/wp-json\/wp\/v2\/media?parent=17428"}],"wp:term":[{"taxonomy":"category","embeddable":true,"href":"https:\/\/calviadeportes.com\/ca\/wp-json\/wp\/v2\/categories?post=17428"},{"taxonomy":"post_tag","embeddable":true,"href":"https:\/\/calviadeportes.com\/ca\/wp-json\/wp\/v2\/tags?post=17428"}],"curies":[{"name":"wp","href":"https:\/\/api.w.org\/{rel}","templated":true}]}}