{"id":17427,"date":"2021-03-09T11:02:41","date_gmt":"2021-03-09T10:02:41","guid":{"rendered":"https:\/\/calviadeportes.com\/daniela-garcia-atletismo\/"},"modified":"2021-03-09T11:12:07","modified_gmt":"2021-03-09T10:12:07","slug":"daniela-garcia-atletisme","status":"publish","type":"post","link":"https:\/\/calviadeportes.com\/ca\/daniela-garcia-atletisme\/","title":{"rendered":"Daniela Garc\u00eda &#8211; Atletisme"},"content":{"rendered":"<blockquote>\n<h3><span style=\"color: #e1323a;\"><strong>Daniela Garc\u00eda &#8211; <\/strong><\/span>Atletisme<\/h3>\n<\/blockquote>\n<p>Daniela\u00a0<span class=\"hiddenSpellError\">Garc\u00eda<\/span>, l&#8217;atleta calvianera que \u00e9s una de les promeses m\u00e9s importants de l&#8217;atletisme espanyol actualment. Daniela milita en el club Platges de Castell\u00f3 i, amb tal\u00a0<span class=\"hiddenSpellError\">solo19<\/span>\u00a0anys, \u00e9s una de les dominadores dels 800 m a Europa. Actual campiona d&#8217;Espanya\u00a0<span class=\"hiddenSpellError\">sub23<\/span>, igual que ho va ser de la\u00a0<span class=\"hiddenSpellError\">sub20<\/span>\u00a0en 2019 i subcampiona de la\u00a0<span class=\"hiddenSpellError\">sub18<\/span>\u00a0en 2018, es tracta en l&#8217;elit europea de la dist\u00e0ncia.<\/p>\n<ul>\n<li><strong>Molt bona tarda, com est\u00e0s?<\/strong><\/li>\n<\/ul>\n<p>Bona tarda, perqu\u00e8 molt b\u00e9, seguesc una mica amb ressaca de la carrera, de totes les emocions viscudes, per\u00f2 molt contenta.<\/p>\n<ul>\n<li><strong>No \u00e9s per a menys, no?<\/strong><\/li>\n<\/ul>\n<p>Doncs no, la veritat, \u00e9s pr\u00e0cticament l&#8217;assoliment m\u00e9s gran que he aconseguit fins al moment, aix\u00ed que s\u00ed.<\/p>\n<ul>\n<li><strong>Primer de tot, enhorabona per la carrera que has fet aquest cap de setmana a Val\u00e8ncia, amb la qual t&#8217;has proclamat Campiona d&#8217;Espanya\u00a0<span class=\"hiddenSpellError\">sub23<\/span>\u00a0en\u00a0<span class=\"hiddenGrammarError\">800m<\/span>. Com et sents?<\/strong><\/li>\n<\/ul>\n<p>El moment final de la carrera va ser&#8230;(sospira), arribar i veure la marca va ser incre\u00efble, va ser una xutada d&#8217;adrenalina que no havia experimentat mai. I despr\u00e9s a partir d&#8217;aqu\u00ed, he intentat no venir-me&#8217;n a dalt i calmar-me una mica perqu\u00e8 aquest cap de setmana tinc el campionat absolut i res&#8230; a veure com acaba la setmana.<\/p>\n<ul>\n<li><strong>Amb quines expectatives vas al campionat absolut?<\/strong><\/li>\n<\/ul>\n<p>Realment, despr\u00e9s d&#8217;aquesta finalitat de setmana ja estic contenta amb la temporada. Pel que simplement anir\u00e9 a gaudir, intentar\u00e9 donar-ho tot i si puc arribar la primera, doncs millor.<\/p>\n<ul>\n<li><b>\u00bfHi ha opcions?<\/b><\/li>\n<\/ul>\n<p>S\u00ed, b\u00e9, vaig primera en la llista perqu\u00e8 Esther Guerrero, que \u00e9s la gran migfondista ara mateix a Espanya, s&#8217;ha apuntat als 1500 m. Aix\u00ed que en 800 m estic primera i despr\u00e9s perqu\u00e8 dep\u00e8n del dia que tinguem totes, tinc grans contrincants tamb\u00e9.<\/p>\n<ul>\n<li><strong>Esperam poder tornar a comptar, com sempre ho fem cada dilluns, algun dels teus bons resultats. D\u00e8iem que et vas proclamar campiona d&#8217;Espanya el passat cap de setmana, per\u00f2 no \u00e9s la primera vegada, ja el vas aconseguir en 2019 en el Campionat d&#8217;Espanya\u00a0<span class=\"hiddenSpellError\">sub<\/span>\u00a020. Sens dubte, els 800 metres s\u00f3n la teva prova. Per qu\u00e8?<\/strong><\/li>\n<\/ul>\n<p>Comences des de petit a l&#8217;escola d&#8217;atletisme fent totes les proves i ja es va veient cap a on va fent l&#8217;atleta.\u00a0<span class=\"hiddenGrammarError\">El<\/span>\u00a0mig fons\u00a0\u00e9s\u00a0on m&#8217;he sentit m\u00e9s c\u00f2moda, entrenant en\u00a0<span class=\"hiddenGrammarError\">800m<\/span>\u00a0\u00e9s un ritme que puc portar f\u00e0cilment, em surt natural i aqu\u00ed he acabat.<\/p>\n<ul>\n<li><strong>Tens pensat canviar a una altra en un futur, per exemple, els 1500 m?<\/strong><\/li>\n<\/ul>\n<p>S\u00ed, de fet, l&#8217;entrenador que tenia a Mallorca sempre ha estat conven\u00e7ut que jo acabar\u00e9 en\u00a0<span class=\"hiddenGrammarError\">1500m<\/span>, i molts que entenen d&#8217;atletisme, sempre m&#8217;han dit que tinc una gambada, un turmell, una facilitat&#8230; que tal vegada pot acabar en 1500. Jo mai he corregut cap, llavors no sabria dir-te. Ara mateix en\u00a0<span class=\"hiddenGrammarError\">800m<\/span>\u00a0\u00e9s on m\u00e9s c\u00f2moda em\u00a0sent, per\u00f2 al llarg dels anys s\u00ed que \u00e9s veritat que l&#8217;atleta sol tendir a acabar en la prova de per damunt.<\/p>\n<ul>\n<li><strong>No has corregut cap oficialment, per\u00f2\u00a0imaginem que en els entrenaments els haur\u00e0s provat.<\/strong><\/li>\n<\/ul>\n<p>Jo no solc entrenar molt per dalt, tampoc he fet molts 1500. I en competici\u00f3 s\u00ed que he fet milles, per\u00f2 tipus cursa popular que no m&#8217;ho he pres molt de deb\u00f2, per\u00f2 estaria\u00a0<span class=\"hiddenGrammarError\">guay<\/span>.<\/p>\n<ul>\n<li><strong>No t&#8217;ho prens de deb\u00f2 per no humiliar.<\/strong><\/li>\n<\/ul>\n<p>No, no (riu), perqu\u00e8 tampoc em d\u00f3na per a molt.<\/p>\n<ul>\n<li><strong>Per si no fos prou, vas parar el crono en 2.04,59. Aix\u00f2 suposa una nova marca personal, un nou r\u00e8cord a Balears\u00a0<span class=\"hiddenSpellError\">sub23<\/span>, la tercera millor marca nacional de tots els temps en la teva categoria i, no acaba aqu\u00ed, sin\u00f3 que \u00e9s m\u00ednima per al Campionat Europeu en Torun. Com ho vas viure? Vas parar el temps i qu\u00e8 vas pensar?<\/strong><\/li>\n<\/ul>\n<p>Per a tot atleta fer marca personal \u00e9s la satisfacci\u00f3 m\u00e9s gran que et pots trobar. A m\u00e9s, no va ser una marca personal per poc, va anar per un segon. Al final en la carrera em vaig trobar tan b\u00e9, sobretot en les \u00faltimes dues voltes que vaig pensar: bo estar\u00e9 anant superr\u00e0pid, per\u00f2 tampoc estar\u00e9 fent una superbona marca perqu\u00e8 no pot ser que estigui aix\u00ed de fresca. Per\u00f2 despr\u00e9s vaig veure la marca i vaig dir \u00abno pot ser, no pot ser\u00bb, aix\u00ed que encantada.<\/p>\n<ul>\n<li><strong>Vas fer la carrera buscant aquest resultat o va ser una cosa sorprenent?<\/strong><\/li>\n<\/ul>\n<p>S\u00ed que ho marquem una mica com a objectiu al principi de la temporada de pista coberta, per\u00f2 tampoc m&#8217;esperava fer-la. \u00d2bviament vaig ser per totes, em vaig plantejar una carrera una mica diferent, perqu\u00e8 normalment solc fer el primer 400 m\u00e9s r\u00e0pid, i l&#8217;\u00faltim 400 perqu\u00e8 punxar una mica i anar al que pugui. En aquest cas, el que vam fer va ser fer els primers 400 una mica m\u00e9s lent, llavors el parcial s\u00ed que va espantar una mica perqu\u00e8 no anava per a m\u00ednima, per\u00f2 en l&#8217;\u00faltim 400 em vaig trobar genial i em vaig dir a la meva mateixa \u00abaqu\u00ed de gom a gom, me la faig\u00bb i al final va sortir.<\/p>\n<ul>\n<li><strong>Ens agrada perqu\u00e8 parles en plural i aix\u00f2 vol dir que tens un gran equip darrere.<\/strong><\/li>\n<\/ul>\n<p>S\u00ed, s\u00ed, per descomptat. Consider que l&#8217;atleta \u00e9s el protagonista, per\u00f2 darrere tens un equip, ja no sols s&#8217;entren, compt amb els meus pares, amb la gent que he tingut des de petita, i ara mateix, actualment a Madrid, tinc un grup d&#8217;entrenament que som diverses noies de la meva edat i m&#8217;encanta comptar amb elles perqu\u00e8 \u00e9s una aventura per a mi, poder viure-ho amb molt\u00edssimes emocions i donar-nos suport entre totes, m&#8217;encanta.<\/p>\n<ul>\n<li><strong>Com ho va viure la teva fam\u00edlia, amics, reunits?<\/strong><\/li>\n<\/ul>\n<p>Clar, al final l&#8217;estadi estava buit. Quan veiem el v\u00eddeo sona el comentarista, per\u00f2 nosaltres estem en la pista que no hi ha ning\u00fa i et sents una mica estrany. Per\u00f2 comptava que tenia a totes les meves amigues i familiars aqu\u00ed veient-ho i els meus pares perqu\u00e8\u00a0<span class=\"hiddenGrammarError\" style=\"padding-bottom: 2px; background-image: url('..\/..\/..\/..\/..\/images\/squiggle.png'); background-repeat: repeat-x; background-position: left bottom; cursor: default; color: #666666; font-family: 'Open Sans', Helvetica, Arial, sans-serif; font-size: 16px; font-style: normal; font-variant-ligatures: normal; font-variant-caps: normal; font-weight: 300; letter-spacing: normal; orphans: 2; text-align: start; text-indent: 0px; text-transform: none; white-space: normal; widows: 2; word-spacing: 0px; -webkit-text-stroke-width: 0px; text-decoration-thickness: initial; text-decoration-style: initial; text-decoration-color: initial;\">super emocionats<\/span>. Els meus pares estan emocionats encara que no faci la m\u00ednima, llavors despr\u00e9s de fer-la em va encantar veure el v\u00eddeo amb la seva reacci\u00f3 i l&#8217;alegria amb la qual el van viure.<\/p>\n<ul>\n<li><strong>Imaginam que has hagut d&#8217;entrenar molt per a aconseguir-ho, com \u00e9s preparar-se per a una prova aix\u00ed? Qu\u00e8 \u00e9s el que m\u00e9s et costa?<\/strong><\/li>\n<\/ul>\n<p>Si et s\u00f3c sincera no consider que m&#8217;hagi matat a entrenar, \u00e9s m\u00e9s a l&#8217;inrev\u00e9s, he entrenat amb molt de gust, amb molta facilitat&#8230; en cap moment he estat amb un cansament excessiu, ni una pressi\u00f3 mental excessiva. Per aix\u00f2 quan et surt aquest resultat i l&#8217;has fet amb tant de gust, perqu\u00e8 \u00e9s el triple de m\u00e8rit per a mi. Perqu\u00e8 no solament \u00e9s el resultat, sin\u00f3 com l&#8217;hagis fet. S\u00ed que \u00e9s veritat que entrenem duro perqu\u00e8 al final estic en el centre d&#8217;alt rendiment, per\u00f2 jo almenys el port amb molt\u00edssima naturalitat i gust.<\/p>\n<ul>\n<li><strong>El Campionat Europeu en Torun est\u00e0 molt a la vora, queden menys de dues setmanes, nosaltres et veiem aconseguint una medalla, per\u00f2 i les teves expectatives? Quines s\u00f3n?<\/strong><\/li>\n<\/ul>\n<p>Encara no ho s\u00e9 perqu\u00e8 com no comptava de fer-la, perqu\u00e8 no me n&#8217;hi havia ni plantejat. I la veritat que no m&#8217;ho vull replantejar fins que no quedin uns dies perqu\u00e8 em pos una mica nerviosa si ho pens. Ser aqu\u00ed amb les absolutes era impensable per a mi aquesta temporada. Per descomptat que en l&#8217;eliminat\u00f2ria o semifinal que estigui ho donar\u00e9 tot, per\u00f2 sobretot gaudir del viatge, de l&#8217;experi\u00e8ncia, s\u00f3c jove i \u00e9s el meu primer campionat, llavors tampoc tinc unes expectatives enormes, simplement gaudir.<\/p>\n<ul>\n<li><strong>Ara mateix vius a Madrid, et veus tornant a Mallorca i entrenant aqu\u00ed en la pista d&#8217;Atletisme de\u00a0<span class=\"hiddenSpellError\">Magaluf<\/span>?<\/strong><\/li>\n<\/ul>\n<p><span class=\"hiddenSpellError\">Jol\u00edn<\/span>\u00a0perqu\u00e8 en la pista de\u00a0<span class=\"hiddenSpellError\">Magaluf<\/span>\u00a0m&#8217;ho he passat\u00a0superb\u00e9. M&#8217;encanta el paisatge, viu a 2 km d&#8217;all\u00ed i \u00e9s com la meva casa. No s\u00e9 si em veig perqu\u00e8 al final volem cr\u00e9ixer i descobrir altres llocs, per\u00f2 et puc assegurar que \u00e9s el meu lloc favorit per a entrenar.<\/p>\n<ul>\n<li><strong>\u00c9s una instal\u00b7laci\u00f3 perfecta per a entrenar?<\/strong><\/li>\n<\/ul>\n<p>\u00c9s ideal. El rodatge t\u00e9 1 km de graveta per fora que ho pots usar per a escalfar, t\u00e9\u00a0<span class=\"hiddenSpellError\">tart\u00e1n<\/span>, un m\u00f2dul\u00a0superc\u00f2mode. S\u00ed que \u00e9s ideal. I tinc a la meva fam\u00edlia i tot, per\u00f2 aqu\u00ed en la capital tal vegada t\u00e9 m\u00e9s recursos i un entrenador d&#8217;elit que porta un grup molt gran&#8230; \u00e9s una mica complicat.<\/p>\n<ul>\n<li><strong>Sabem que ets bona estudiant com fas per a compaginar estudis amb\u00a0<span class=\"hiddenSpellError\">entrenos<\/span>?<\/strong><\/li>\n<\/ul>\n<p>Ho\u00a0intent. Al final \u00e9s el que hem fet els atletes que entrenem des de jovenets, \u00e9s el costum. Jo tamb\u00e9 feia ballet llavors sempre\u00a0<span class=\"hiddenGrammarError\" style=\"padding-bottom: 2px; background-image: url('..\/..\/..\/..\/..\/images\/squiggle.png'); background-repeat: repeat-x; background-position: left bottom; cursor: default; color: #666666; font-family: 'Open Sans', Helvetica, Arial, sans-serif; font-size: 16px; font-style: normal; font-variant-ligatures: normal; font-variant-caps: normal; font-weight: 300; letter-spacing: normal; orphans: 2; text-align: start; text-indent: 0px; text-transform: none; white-space: normal; widows: 2; word-spacing: 0px; -webkit-text-stroke-width: 0px; text-decoration-thickness: initial; text-decoration-style: initial; text-decoration-color: initial;\">he<\/span>\u00a0estat compaginant ballet, estudis i atletisme. Aprens aquesta disciplina, a tenir aquesta rutina i \u00e9s el normal. Ara no et mentir\u00e9, m&#8217;est\u00e0 costant una mica centrar-me a principi de quadrimestre perqu\u00e8 tinc el cap ple d&#8217;emocions amb el tema de l&#8217;atletisme, per\u00f2 aqu\u00ed hi ha un bon ambient d&#8217;estudi, som bastants estudiants en la resid\u00e8ncia i ens anem organitzant.<\/p>\n<ul>\n<li><strong>Creus que en algun moment haur\u00e0s de renunciar a alguna de les dues coses per a centrar-te nom\u00e9s en una?<\/strong><\/li>\n<\/ul>\n<p>No ho crec, la veritat, i tampoc ho desitj. Crec que has de tenir una mica de les dues coses. Has de muntar-t&#8217;ho per a tenir un futur, a partir dels\u00a0<span class=\"hiddenGreenError\">30<\/span>\u00a0i alguna cosa tal vegada ja no rendeixes igual i no pots viure de l&#8217;atletisme. Llavors no crec que em permet\u00e9s a mi mateixa renunciar als estudis.<\/p>\n<ul>\n<li><strong>Ja ets una de les millors atletes de la teva categoria, els teus n\u00fameros no estan res lluny de grans atletes espanyoles com\u00a0<span class=\"hiddenSpellError\">Mayte<\/span>\u00a0Mart\u00ednez,\u00a0<span class=\"hiddenSpellError\">Nuria<\/span>\u00a0Fern\u00e1ndez o\u00a0<span class=\"hiddenSpellError\">Mayte<\/span>\u00a0<span class=\"hiddenSpellError\">Z\u00fa\u00f1iga<\/span>. Quina \u00e9s la teva meta? Qu\u00e8\u00a0t&#8217;agradaria aconseguir?<\/strong><\/li>\n<\/ul>\n<p>Potser \u00e9s molt t\u00edpic, per\u00f2\u00a0la meva meta \u00e9s simplement ser feli\u00e7. El dia que aix\u00f2 em deixi de fer feli\u00e7, probablement ho deixa. Si puc aconseguir mantenir aquesta il\u00b7lusi\u00f3, que crec que s\u00ed, perqu\u00e8 de moment mai m&#8217;he plantejat el contrari. Per\u00f2 la meva meta \u00f2bviament \u00e9s poder triomfar\u00a0internacionalment\u00a0i poder rendir de la millor manera possible sense que em desanimi. Aix\u00ed que seria aix\u00f2: poder arribar a tenir un bon nivell internacional i \u00f2bviament anar a les Olimp\u00edades, \u00e9s el somni de tot atleta.<\/p>\n<ul>\n<li><strong>Les olimp\u00edades han de ser algun objectiu d&#8217;alguna manera.<\/strong><\/li>\n<\/ul>\n<p>No crec que sigui per a l&#8217;any que ve, que mai se sap despr\u00e9s d&#8217;haver-me menjat la marca personal aix\u00ed, perqu\u00e8 no se sap la producci\u00f3 que tindr\u00e9 enguany o en els seg\u00fcents. Per\u00f2 per descomptat que les del 2024 serien un objectiu a llarg termini molt fix.<\/p>\n<ul>\n<li><strong>Llavors aquesta marca personal 2.04,59 quan la superar\u00e0s?<\/strong><\/li>\n<\/ul>\n<p>(riu). En el moment que la vaig fer vaig dir: la faig ara mateix, que em tornin a donar tret de sortida que la faig. No vull pressionar-me a mi mateixa, per\u00f2 consider que aquest cap de setmana, si tinc un bon dia i una bona carrera podria batre-la, ja que ho vaig fer sola al final, i amb els meus contrincants puc ajustar una miqueta m\u00e9s, jo crec que puc. Per\u00f2 que si no ho faig, tinc anys per a fer-la.<\/p>\n","protected":false},"excerpt":{"rendered":"<p>Daniela Garc\u00eda &#8211; Atletisme Daniela\u00a0Garc\u00eda, l&#8217;atleta calvianera que \u00e9s una de les promeses m\u00e9s importants de l&#8217;atletisme espanyol actualment. Daniela milita en el club Platges de Castell\u00f3 i, amb tal\u00a0solo19\u00a0anys,&#8230;<\/p>\n","protected":false},"author":75162113,"featured_media":17161,"comment_status":"open","ping_status":"open","sticky":false,"template":"","format":"standard","meta":{"_coblocks_attr":"","_coblocks_dimensions":"","_coblocks_responsive_height":"","_coblocks_accordion_ie_support":"","_jetpack_newsletter_access":"","_jetpack_dont_email_post_to_subs":false,"_jetpack_newsletter_tier_id":0,"_jetpack_memberships_contains_paywalled_content":false,"_wpcom_ai_launchpad_first_post":false,"_jetpack_feature_clip_id":0,"_jetpack_memberships_contains_paid_content":false,"footnotes":"","jetpack_publicize_message":"{title}\n\n{excerpt}\n\n{url}","jetpack_publicize_feature_enabled":true,"jetpack_social_post_already_shared":true,"jetpack_social_options":{"image_generator_settings":{"template":"highway","default_image_id":0,"font":"","enabled":false},"version":2},"_wpas_customize_per_network":false,"jetpack_post_was_ever_published":false},"categories":[216,214],"tags":[],"class_list":["post-17427","post","type-post","status-publish","format-standard","has-post-thumbnail","hentry","category-atletisme","category-calvia-ca"],"yoast_head":"<!-- This site is optimized with the Yoast SEO plugin v28.4 - https:\/\/yoast.com\/product\/yoast-seo-wordpress\/ -->\n<title>Entrevista a Daniela Garc\u00eda - Atletisme - Calvia - Mallorca<\/title>\n<meta name=\"description\" content=\"Daniela acaba de proclamar-se campiona d&#039;Espanya sub23 en 800 m. Amb 19 anys ja \u00e9s una de les promeses m\u00e9s importants de l&#039;atletisme espanyol.\" \/>\n<meta name=\"robots\" content=\"index, follow, max-snippet:-1, max-image-preview:large, max-video-preview:-1\" \/>\n<link rel=\"canonical\" href=\"https:\/\/calviadeportes.com\/ca\/daniela-garcia-atletisme\/\" \/>\n<meta property=\"og:locale\" content=\"ca_ES\" \/>\n<meta property=\"og:type\" content=\"article\" \/>\n<meta property=\"og:title\" content=\"Entrevista a Daniela Garc\u00eda - Atletisme - Calvia - Mallorca\" \/>\n<meta property=\"og:description\" content=\"Daniela acaba de proclamar-se campiona d&#039;Espanya sub23 en 800 m. Amb 19 anys ja \u00e9s una de les promeses m\u00e9s importants de l&#039;atletisme espanyol.\" \/>\n<meta property=\"og:url\" content=\"https:\/\/calviadeportes.com\/ca\/daniela-garcia-atletisme\/\" \/>\n<meta property=\"og:site_name\" content=\"Calvi\u00e0 esports\" \/>\n<meta property=\"article:published_time\" content=\"2021-03-09T10:02:41+00:00\" \/>\n<meta property=\"article:modified_time\" content=\"2021-03-09T10:12:07+00:00\" \/>\n<meta property=\"og:image\" content=\"https:\/\/i2.wp.com\/calviadeportes.com\/wp-content\/uploads\/2021\/02\/Daniela-Garcia-Atletismo-2.jpg?fit=4000%2C2667&ssl=1\" \/>\n\t<meta property=\"og:image:width\" content=\"4000\" \/>\n\t<meta property=\"og:image:height\" content=\"2667\" \/>\n\t<meta property=\"og:image:type\" content=\"image\/jpeg\" \/>\n<meta name=\"author\" content=\"calviadeportes\" \/>\n<meta name=\"twitter:card\" content=\"summary_large_image\" \/>\n<meta name=\"twitter:label1\" content=\"Escrit per\" \/>\n\t<meta name=\"twitter:data1\" content=\"calviadeportes\" \/>\n\t<meta name=\"twitter:label2\" content=\"Temps estimat de lectura\" \/>\n\t<meta name=\"twitter:data2\" content=\"9 minuts\" \/>\n<script type=\"application\/ld+json\" class=\"yoast-schema-graph\">{\"@context\":\"https:\\\/\\\/schema.org\",\"@graph\":[{\"@type\":\"Article\",\"@id\":\"https:\\\/\\\/calviadeportes.com\\\/ca\\\/daniela-garcia-atletisme\\\/#article\",\"isPartOf\":{\"@id\":\"https:\\\/\\\/calviadeportes.com\\\/ca\\\/daniela-garcia-atletisme\\\/\"},\"author\":{\"name\":\"calviadeportes\",\"@id\":\"https:\\\/\\\/calviadeportes.com\\\/ca\\\/#\\\/schema\\\/person\\\/a7fc55eb915b1a69915da307231a7592\"},\"headline\":\"Daniela Garc\u00eda &#8211; Atletisme\",\"datePublished\":\"2021-03-09T10:02:41+00:00\",\"dateModified\":\"2021-03-09T10:12:07+00:00\",\"mainEntityOfPage\":{\"@id\":\"https:\\\/\\\/calviadeportes.com\\\/ca\\\/daniela-garcia-atletisme\\\/\"},\"wordCount\":1959,\"commentCount\":0,\"image\":{\"@id\":\"https:\\\/\\\/calviadeportes.com\\\/ca\\\/daniela-garcia-atletisme\\\/#primaryimage\"},\"thumbnailUrl\":\"https:\\\/\\\/i0.wp.com\\\/calviadeportes.com\\\/wp-content\\\/uploads\\\/2021\\\/02\\\/Daniela-Garcia-Atletismo-2.jpg?fit=4000%2C2667&ssl=1\",\"articleSection\":[\"Atletisme\",\"Calvi\u00e0\"],\"inLanguage\":\"ca\",\"potentialAction\":[{\"@type\":\"CommentAction\",\"name\":\"Comment\",\"target\":[\"https:\\\/\\\/calviadeportes.com\\\/ca\\\/daniela-garcia-atletisme\\\/#respond\"]}]},{\"@type\":\"WebPage\",\"@id\":\"https:\\\/\\\/calviadeportes.com\\\/ca\\\/daniela-garcia-atletisme\\\/\",\"url\":\"https:\\\/\\\/calviadeportes.com\\\/ca\\\/daniela-garcia-atletisme\\\/\",\"name\":\"Entrevista a Daniela Garc\u00eda - Atletisme - Calvia - Mallorca\",\"isPartOf\":{\"@id\":\"https:\\\/\\\/calviadeportes.com\\\/ca\\\/#website\"},\"primaryImageOfPage\":{\"@id\":\"https:\\\/\\\/calviadeportes.com\\\/ca\\\/daniela-garcia-atletisme\\\/#primaryimage\"},\"image\":{\"@id\":\"https:\\\/\\\/calviadeportes.com\\\/ca\\\/daniela-garcia-atletisme\\\/#primaryimage\"},\"thumbnailUrl\":\"https:\\\/\\\/i0.wp.com\\\/calviadeportes.com\\\/wp-content\\\/uploads\\\/2021\\\/02\\\/Daniela-Garcia-Atletismo-2.jpg?fit=4000%2C2667&ssl=1\",\"datePublished\":\"2021-03-09T10:02:41+00:00\",\"dateModified\":\"2021-03-09T10:12:07+00:00\",\"author\":{\"@id\":\"https:\\\/\\\/calviadeportes.com\\\/ca\\\/#\\\/schema\\\/person\\\/a7fc55eb915b1a69915da307231a7592\"},\"description\":\"Daniela acaba de proclamar-se campiona d'Espanya sub23 en 800 m. Amb 19 anys ja \u00e9s una de les promeses m\u00e9s importants de l'atletisme espanyol.\",\"breadcrumb\":{\"@id\":\"https:\\\/\\\/calviadeportes.com\\\/ca\\\/daniela-garcia-atletisme\\\/#breadcrumb\"},\"inLanguage\":\"ca\",\"potentialAction\":[{\"@type\":\"ReadAction\",\"target\":[\"https:\\\/\\\/calviadeportes.com\\\/ca\\\/daniela-garcia-atletisme\\\/\"]}]},{\"@type\":\"ImageObject\",\"inLanguage\":\"ca\",\"@id\":\"https:\\\/\\\/calviadeportes.com\\\/ca\\\/daniela-garcia-atletisme\\\/#primaryimage\",\"url\":\"https:\\\/\\\/i0.wp.com\\\/calviadeportes.com\\\/wp-content\\\/uploads\\\/2021\\\/02\\\/Daniela-Garcia-Atletismo-2.jpg?fit=4000%2C2667&ssl=1\",\"contentUrl\":\"https:\\\/\\\/i0.wp.com\\\/calviadeportes.com\\\/wp-content\\\/uploads\\\/2021\\\/02\\\/Daniela-Garcia-Atletismo-2.jpg?fit=4000%2C2667&ssl=1\",\"width\":4000,\"height\":2667,\"caption\":\"Daniela Garcia - Atletismo (2)\"},{\"@type\":\"BreadcrumbList\",\"@id\":\"https:\\\/\\\/calviadeportes.com\\\/ca\\\/daniela-garcia-atletisme\\\/#breadcrumb\",\"itemListElement\":[{\"@type\":\"ListItem\",\"position\":1,\"name\":\"Portada\",\"item\":\"https:\\\/\\\/calviadeportes.com\\\/ca\\\/\"},{\"@type\":\"ListItem\",\"position\":2,\"name\":\"Daniela Garc\u00eda &#8211; Atletisme\"}]},{\"@type\":\"WebSite\",\"@id\":\"https:\\\/\\\/calviadeportes.com\\\/ca\\\/#website\",\"url\":\"https:\\\/\\\/calviadeportes.com\\\/ca\\\/\",\"name\":\"Calvi\u00e0 esports\",\"description\":\"ICE Calvi\u00e0 | Ayuntamiento de Calvi\u00e0\",\"potentialAction\":[{\"@type\":\"SearchAction\",\"target\":{\"@type\":\"EntryPoint\",\"urlTemplate\":\"https:\\\/\\\/calviadeportes.com\\\/ca\\\/?s={search_term_string}\"},\"query-input\":{\"@type\":\"PropertyValueSpecification\",\"valueRequired\":true,\"valueName\":\"search_term_string\"}}],\"inLanguage\":\"ca\"},{\"@type\":\"Person\",\"@id\":\"https:\\\/\\\/calviadeportes.com\\\/ca\\\/#\\\/schema\\\/person\\\/a7fc55eb915b1a69915da307231a7592\",\"name\":\"calviadeportes\",\"image\":{\"@type\":\"ImageObject\",\"inLanguage\":\"ca\",\"@id\":\"https:\\\/\\\/secure.gravatar.com\\\/avatar\\\/87b9691b2c03ec0a454b08f3ed3df8fe97eaebe509ce5afc0ba27f40dd959288?s=96&d=mm&r=g\",\"url\":\"https:\\\/\\\/secure.gravatar.com\\\/avatar\\\/87b9691b2c03ec0a454b08f3ed3df8fe97eaebe509ce5afc0ba27f40dd959288?s=96&d=mm&r=g\",\"contentUrl\":\"https:\\\/\\\/secure.gravatar.com\\\/avatar\\\/87b9691b2c03ec0a454b08f3ed3df8fe97eaebe509ce5afc0ba27f40dd959288?s=96&d=mm&r=g\",\"caption\":\"calviadeportes\"},\"sameAs\":[\"http:\\\/\\\/calviadeportes.wordpress.com\"],\"url\":\"https:\\\/\\\/calviadeportes.com\\\/ca\\\/author\\\/calviadeportes\\\/\"}]}<\/script>\n<!-- \/ Yoast SEO plugin. -->","yoast_head_json":{"title":"Entrevista a Daniela Garc\u00eda - Atletisme - Calvia - Mallorca","description":"Daniela acaba de proclamar-se campiona d'Espanya sub23 en 800 m. Amb 19 anys ja \u00e9s una de les promeses m\u00e9s importants de l'atletisme espanyol.","robots":{"index":"index","follow":"follow","max-snippet":"max-snippet:-1","max-image-preview":"max-image-preview:large","max-video-preview":"max-video-preview:-1"},"canonical":"https:\/\/calviadeportes.com\/ca\/daniela-garcia-atletisme\/","og_locale":"ca_ES","og_type":"article","og_title":"Entrevista a Daniela Garc\u00eda - Atletisme - Calvia - Mallorca","og_description":"Daniela acaba de proclamar-se campiona d'Espanya sub23 en 800 m. Amb 19 anys ja \u00e9s una de les promeses m\u00e9s importants de l'atletisme espanyol.","og_url":"https:\/\/calviadeportes.com\/ca\/daniela-garcia-atletisme\/","og_site_name":"Calvi\u00e0 esports","article_published_time":"2021-03-09T10:02:41+00:00","article_modified_time":"2021-03-09T10:12:07+00:00","og_image":[{"width":4000,"height":2667,"url":"https:\/\/i2.wp.com\/calviadeportes.com\/wp-content\/uploads\/2021\/02\/Daniela-Garcia-Atletismo-2.jpg?fit=4000%2C2667&ssl=1","type":"image\/jpeg"}],"author":"calviadeportes","twitter_card":"summary_large_image","twitter_misc":{"Escrit per":"calviadeportes","Temps estimat de lectura":"9 minuts"},"schema":{"@context":"https:\/\/schema.org","@graph":[{"@type":"Article","@id":"https:\/\/calviadeportes.com\/ca\/daniela-garcia-atletisme\/#article","isPartOf":{"@id":"https:\/\/calviadeportes.com\/ca\/daniela-garcia-atletisme\/"},"author":{"name":"calviadeportes","@id":"https:\/\/calviadeportes.com\/ca\/#\/schema\/person\/a7fc55eb915b1a69915da307231a7592"},"headline":"Daniela Garc\u00eda &#8211; Atletisme","datePublished":"2021-03-09T10:02:41+00:00","dateModified":"2021-03-09T10:12:07+00:00","mainEntityOfPage":{"@id":"https:\/\/calviadeportes.com\/ca\/daniela-garcia-atletisme\/"},"wordCount":1959,"commentCount":0,"image":{"@id":"https:\/\/calviadeportes.com\/ca\/daniela-garcia-atletisme\/#primaryimage"},"thumbnailUrl":"https:\/\/i0.wp.com\/calviadeportes.com\/wp-content\/uploads\/2021\/02\/Daniela-Garcia-Atletismo-2.jpg?fit=4000%2C2667&ssl=1","articleSection":["Atletisme","Calvi\u00e0"],"inLanguage":"ca","potentialAction":[{"@type":"CommentAction","name":"Comment","target":["https:\/\/calviadeportes.com\/ca\/daniela-garcia-atletisme\/#respond"]}]},{"@type":"WebPage","@id":"https:\/\/calviadeportes.com\/ca\/daniela-garcia-atletisme\/","url":"https:\/\/calviadeportes.com\/ca\/daniela-garcia-atletisme\/","name":"Entrevista a Daniela Garc\u00eda - Atletisme - Calvia - Mallorca","isPartOf":{"@id":"https:\/\/calviadeportes.com\/ca\/#website"},"primaryImageOfPage":{"@id":"https:\/\/calviadeportes.com\/ca\/daniela-garcia-atletisme\/#primaryimage"},"image":{"@id":"https:\/\/calviadeportes.com\/ca\/daniela-garcia-atletisme\/#primaryimage"},"thumbnailUrl":"https:\/\/i0.wp.com\/calviadeportes.com\/wp-content\/uploads\/2021\/02\/Daniela-Garcia-Atletismo-2.jpg?fit=4000%2C2667&ssl=1","datePublished":"2021-03-09T10:02:41+00:00","dateModified":"2021-03-09T10:12:07+00:00","author":{"@id":"https:\/\/calviadeportes.com\/ca\/#\/schema\/person\/a7fc55eb915b1a69915da307231a7592"},"description":"Daniela acaba de proclamar-se campiona d'Espanya sub23 en 800 m. Amb 19 anys ja \u00e9s una de les promeses m\u00e9s importants de l'atletisme espanyol.","breadcrumb":{"@id":"https:\/\/calviadeportes.com\/ca\/daniela-garcia-atletisme\/#breadcrumb"},"inLanguage":"ca","potentialAction":[{"@type":"ReadAction","target":["https:\/\/calviadeportes.com\/ca\/daniela-garcia-atletisme\/"]}]},{"@type":"ImageObject","inLanguage":"ca","@id":"https:\/\/calviadeportes.com\/ca\/daniela-garcia-atletisme\/#primaryimage","url":"https:\/\/i0.wp.com\/calviadeportes.com\/wp-content\/uploads\/2021\/02\/Daniela-Garcia-Atletismo-2.jpg?fit=4000%2C2667&ssl=1","contentUrl":"https:\/\/i0.wp.com\/calviadeportes.com\/wp-content\/uploads\/2021\/02\/Daniela-Garcia-Atletismo-2.jpg?fit=4000%2C2667&ssl=1","width":4000,"height":2667,"caption":"Daniela Garcia - Atletismo (2)"},{"@type":"BreadcrumbList","@id":"https:\/\/calviadeportes.com\/ca\/daniela-garcia-atletisme\/#breadcrumb","itemListElement":[{"@type":"ListItem","position":1,"name":"Portada","item":"https:\/\/calviadeportes.com\/ca\/"},{"@type":"ListItem","position":2,"name":"Daniela Garc\u00eda &#8211; Atletisme"}]},{"@type":"WebSite","@id":"https:\/\/calviadeportes.com\/ca\/#website","url":"https:\/\/calviadeportes.com\/ca\/","name":"Calvi\u00e0 esports","description":"ICE Calvi\u00e0 | Ayuntamiento de Calvi\u00e0","potentialAction":[{"@type":"SearchAction","target":{"@type":"EntryPoint","urlTemplate":"https:\/\/calviadeportes.com\/ca\/?s={search_term_string}"},"query-input":{"@type":"PropertyValueSpecification","valueRequired":true,"valueName":"search_term_string"}}],"inLanguage":"ca"},{"@type":"Person","@id":"https:\/\/calviadeportes.com\/ca\/#\/schema\/person\/a7fc55eb915b1a69915da307231a7592","name":"calviadeportes","image":{"@type":"ImageObject","inLanguage":"ca","@id":"https:\/\/secure.gravatar.com\/avatar\/87b9691b2c03ec0a454b08f3ed3df8fe97eaebe509ce5afc0ba27f40dd959288?s=96&d=mm&r=g","url":"https:\/\/secure.gravatar.com\/avatar\/87b9691b2c03ec0a454b08f3ed3df8fe97eaebe509ce5afc0ba27f40dd959288?s=96&d=mm&r=g","contentUrl":"https:\/\/secure.gravatar.com\/avatar\/87b9691b2c03ec0a454b08f3ed3df8fe97eaebe509ce5afc0ba27f40dd959288?s=96&d=mm&r=g","caption":"calviadeportes"},"sameAs":["http:\/\/calviadeportes.wordpress.com"],"url":"https:\/\/calviadeportes.com\/ca\/author\/calviadeportes\/"}]}},"jetpack_publicize_connections":[],"jetpack_likes_enabled":false,"jetpack_sharing_enabled":false,"jetpack_shortlink":"https:\/\/wp.me\/pckSre-4x5","jetpack_featured_media_url":"https:\/\/i0.wp.com\/calviadeportes.com\/wp-content\/uploads\/2021\/02\/Daniela-Garcia-Atletismo-2.jpg?fit=4000%2C2667&ssl=1","_links":{"self":[{"href":"https:\/\/calviadeportes.com\/ca\/wp-json\/wp\/v2\/posts\/17427","targetHints":{"allow":["GET"]}}],"collection":[{"href":"https:\/\/calviadeportes.com\/ca\/wp-json\/wp\/v2\/posts"}],"about":[{"href":"https:\/\/calviadeportes.com\/ca\/wp-json\/wp\/v2\/types\/post"}],"author":[{"embeddable":true,"href":"https:\/\/calviadeportes.com\/ca\/wp-json\/wp\/v2\/users\/75162113"}],"replies":[{"embeddable":true,"href":"https:\/\/calviadeportes.com\/ca\/wp-json\/wp\/v2\/comments?post=17427"}],"version-history":[{"count":2,"href":"https:\/\/calviadeportes.com\/ca\/wp-json\/wp\/v2\/posts\/17427\/revisions"}],"predecessor-version":[{"id":17433,"href":"https:\/\/calviadeportes.com\/ca\/wp-json\/wp\/v2\/posts\/17427\/revisions\/17433"}],"wp:featuredmedia":[{"embeddable":true,"href":"https:\/\/calviadeportes.com\/ca\/wp-json\/wp\/v2\/media\/17161"}],"wp:attachment":[{"href":"https:\/\/calviadeportes.com\/ca\/wp-json\/wp\/v2\/media?parent=17427"}],"wp:term":[{"taxonomy":"category","embeddable":true,"href":"https:\/\/calviadeportes.com\/ca\/wp-json\/wp\/v2\/categories?post=17427"},{"taxonomy":"post_tag","embeddable":true,"href":"https:\/\/calviadeportes.com\/ca\/wp-json\/wp\/v2\/tags?post=17427"}],"curies":[{"name":"wp","href":"https:\/\/api.w.org\/{rel}","templated":true}]}}