{"id":15603,"date":"2019-01-22T14:49:43","date_gmt":"2019-01-22T13:49:43","guid":{"rendered":"https:\/\/calviadeportes.com\/?p=15603"},"modified":"2021-02-24T14:36:26","modified_gmt":"2021-02-24T13:36:26","slug":"antonio-gran-atletisme-entrevista","status":"publish","type":"post","link":"https:\/\/calviadeportes.com\/ca\/antonio-gran-atletisme-entrevista\/","title":{"rendered":"Antonio Gran &#8211; Atletisme"},"content":{"rendered":"<blockquote>\n<h3><span style=\"color: #e1323a;\"><strong>Antonio Gran &#8211; <\/strong><\/span>Atletisme<\/h3>\n<\/blockquote>\n<p>Antoni\u00a0Gran\u00a0\u00e9s el vigent bicampi\u00f3 de la carrera de 10 km de la\u00a0<a href=\"http:\/\/www.maratonmagaluf.com\/\">Half\u00a0Marathon\u00a0Magaluf<\/a>. Un dels millors atletes que han passat per la prova\u00a0calvianera. Per\u00f2 els seus \u00e8xits van m\u00e9s enll\u00e0 del nostre municipi. S\u2019ha proclamat campi\u00f3 de Balears i ho fia gaireb\u00e9 tot a un factor.<\/p>\n<ul>\n<li><strong>En l\u2019\u00e0mbit de l\u2019atletisme popular ets fam\u00f3s, per\u00f2, qui \u00e9s Antoni Gran per a qui no et conegui?<\/strong><\/li>\n<\/ul>\n<p>S\u00f3c un atleta normal, que a for\u00e7a d\u2019entrenar i d\u2019esfor\u00e7ar-me molt he aconseguit guanyar carreres i aconseguir alguns \u00e8xits.<\/p>\n<ul>\n<li><strong>Quin ha estat la teva traject\u00f2ria en les curses fins ara?<\/strong><\/li>\n<\/ul>\n<p>Vaig comen\u00e7ar provant diverses disciplines del m\u00f3n de l\u2019atletisme i les carreres: duatl\u00f3, triatl\u00f3, carreres per muntanya, carreres d\u2019asfalt. Sempre he entrenat dur i he pogut estar davant en carreres de diferents disciplines. Ara de setembre a maig em centro en la carretera i a l\u2019estiu faig m\u00e9s carreres per muntanya.<\/p>\n<ul>\n<li><strong>Quins han estat els \u00e8xits que m\u00e9s valores?<\/strong><\/li>\n<\/ul>\n<p>He guanyat els dos \u00faltims anys Sa Llego de Sa Pobla, que \u00e9s molt especial per a mi. Tamb\u00e9 em quedaria amb el campionat de Balears i amb el Trail Serra de Tramuntana.<\/p>\n<ul>\n<li><strong>T\u2019has proclamat campi\u00f3 de m\u00faltiples carreres, continues cercant nous reptes?<\/strong><\/li>\n<\/ul>\n<p>S\u00ed, en els \u00faltims anys m\u2019he centrat molt en els 10 km, per\u00f2 ara vull noves metes. M\u2019estic especialitzant en els 21 km i vull intetar demostrar la meva marca de 10 km en aquesta dist\u00e0ncia.<\/p>\n<ul>\n<li><strong>Quin \u00e9s el teu punt fort en les curses?<\/strong><\/li>\n<\/ul>\n<p>El meu cap. \u00c9s clar que \u00e9s necessari tenir bones aptituds f\u00edsiques i el meu cos m\u2019acompanya, per\u00f2 ser fort mentalment \u00e9s molt important. Hi ha carreres en les quals potser el f\u00edsic no \u00e9s l\u2019idoni per\u00f2 la meva fortalesa mental em porta a estr\u00e8nyer i, a vegades, guanyar.<\/p>\n<ul>\n<li><strong>Qu\u00e8 t\u2019ha portat a guanyar tant?<\/strong><\/li>\n<\/ul>\n<p>La meva determinaci\u00f3 i motivaci\u00f3. Jo s\u00e9 que puc. Si em prop\u00f2s guanyar una carrera, la resta de corredors han de donar el seu m\u00e0xim perqu\u00e8 per ganes i convenciment no em guanya ning\u00fa.<\/p>\n<ul>\n<li><strong>Has guanyat les dues \u00faltimes edicions de la Half Marathon Magaluf 10 K, com vas viure totes dues carreres?<\/strong><\/li>\n<\/ul>\n<p>En 2017 vaig guanyar i em va agradar molt la carrera, ja que tamb\u00e9 la vaig c\u00f3rrer en 2016. En 2018 vaig repetir perqu\u00e8 era campionat de Balears i sempre est\u00e0 b\u00e9 competir en un auton\u00f2mic. Em va fer molt feli\u00e7 ser campi\u00f3 de Balears.<\/p>\n<ul>\n<li><strong>Per qu\u00e8 repeteixes en la Half Marathon Magaluf?<\/strong><\/li>\n<\/ul>\n<p>En 2018 vaig repetir perqu\u00e8 era campionat de Balears i volia guanyar-ho. A m\u00e9s, em va agradar molt el circuit, que en ser urb\u00e0 hi ha trams amb molt de p\u00fablic animant i no sempre es t\u00e9 l\u2019oportunitat de c\u00f3rrer aix\u00ed, per carreteres tancades al tr\u00e0nsit i molt bon ambient.<\/p>\n<ul>\n<li><strong>Aquest any correr\u00e0s la cursa de 21 K, quines s\u00f3n les teves opcions?<\/strong><\/li>\n<\/ul>\n<p>Les meves opcions dependran de qui participi en la cursa. La meva idea \u00e9s baixar d\u20191 hora i 10 minuts, entorn d\u20191.09 o 1.09:30. Segurament hi haur\u00e0 bons corredors que correran m\u00e9s r\u00e0pid que jo, per\u00f2 qui vulgui guanyar-me haur\u00e0 de baixar d\u2019aquest temps.<\/p>\n<ul>\n<li><strong>Pot influir en la teva carrera el canvi de circuit en ser m\u00e9s pla i r\u00e0pid?<\/strong><\/li>\n<\/ul>\n<p>S\u00ed, molt. Sobretot perqu\u00e8 s\u2019ha eliminat la pujada a la rotonda de Cala Figuera, que era molt dura i feia baixar molt el temps.<\/p>\n<p><strong>TEST<\/strong><\/p>\n<p><strong>Pel\u00b7l\u00edcula:<\/strong>\u00a0El pianista<\/p>\n<p><strong>Llibre:<\/strong>\u00a0Dime qui\u00e9n soy<\/p>\n<p><strong>\u00cddol:<\/strong>\u00a0Ibon Zugasti<\/p>\n<p><strong>Somni:<\/strong>\u00a0Baixar de 30\u2019 en els 10 km<\/p>\n<p><strong>Menjar:<\/strong>\u00a0Pasta i xocolata<\/p>\n<p><strong>Lloc:<\/strong>\u00a0Mallorca<\/p>\n<p><strong>Viatge:<\/strong>\u00a0Els Alps<\/p>\n","protected":false},"excerpt":{"rendered":"<p>Antonio Gran &#8211; Atletisme Antoni\u00a0Gran\u00a0\u00e9s el vigent bicampi\u00f3 de la carrera de 10 km de la\u00a0Half\u00a0Marathon\u00a0Magaluf. Un dels millors atletes que han passat per la prova\u00a0calvianera. Per\u00f2 els seus \u00e8xits&#8230;<\/p>\n","protected":false},"author":75162113,"featured_media":15609,"comment_status":"closed","ping_status":"closed","sticky":false,"template":"","format":"standard","meta":{"_coblocks_attr":"","_coblocks_dimensions":"","_coblocks_responsive_height":"","_coblocks_accordion_ie_support":"","_crdt_document":"","_jetpack_newsletter_access":"","_jetpack_dont_email_post_to_subs":false,"_jetpack_newsletter_tier_id":0,"_jetpack_memberships_contains_paywalled_content":false,"_jetpack_memberships_contains_paid_content":false,"footnotes":"","jetpack_publicize_message":"","jetpack_publicize_feature_enabled":true,"jetpack_social_post_already_shared":true,"jetpack_social_options":{"image_generator_settings":{"template":"highway","default_image_id":0,"font":"","enabled":false},"version":2},"_wpas_customize_per_network":false,"jetpack_post_was_ever_published":false},"categories":[216,214],"tags":[],"class_list":["post-15603","post","type-post","status-publish","format-standard","has-post-thumbnail","hentry","category-atletisme","category-calvia-ca"],"yoast_head":"<!-- This site is optimized with the Yoast SEO plugin v27.4 - https:\/\/yoast.com\/product\/yoast-seo-wordpress\/ -->\n<title>Entrevista a Antonio Gran - Atletisme - Calvi\u00e0 - Mallorca<\/title>\n<meta name=\"description\" content=\"Antoni Gran \u00e9s un dels millors atletes que han passat pel nostre municipi, de fet, \u00e9s campi\u00f3 de Balears d&#039;atletisme.\" \/>\n<meta name=\"robots\" content=\"index, follow, max-snippet:-1, max-image-preview:large, max-video-preview:-1\" \/>\n<link rel=\"canonical\" href=\"https:\/\/calviadeportes.com\/ca\/antonio-gran-atletisme-entrevista\/\" \/>\n<meta property=\"og:locale\" content=\"ca_ES\" \/>\n<meta property=\"og:type\" content=\"article\" \/>\n<meta property=\"og:title\" content=\"Entrevista a Antonio Gran - Atletisme - Calvi\u00e0 - Mallorca\" \/>\n<meta property=\"og:description\" content=\"Antoni Gran \u00e9s un dels millors atletes que han passat pel nostre municipi, de fet, \u00e9s campi\u00f3 de Balears d&#039;atletisme.\" \/>\n<meta property=\"og:url\" content=\"https:\/\/calviadeportes.com\/ca\/antonio-gran-atletisme-entrevista\/\" \/>\n<meta property=\"og:site_name\" content=\"Calvi\u00e0 esports\" \/>\n<meta property=\"article:published_time\" content=\"2019-01-22T13:49:43+00:00\" \/>\n<meta property=\"article:modified_time\" content=\"2021-02-24T13:36:26+00:00\" \/>\n<meta property=\"og:image\" content=\"https:\/\/i2.wp.com\/calviadeportes.com\/wp-content\/uploads\/2021\/01\/antoni-gran-meta.png?fit=1220%2C813&ssl=1\" \/>\n\t<meta property=\"og:image:width\" content=\"1220\" \/>\n\t<meta property=\"og:image:height\" content=\"813\" \/>\n\t<meta property=\"og:image:type\" content=\"image\/png\" \/>\n<meta name=\"author\" content=\"calviadeportes\" \/>\n<meta name=\"twitter:card\" content=\"summary_large_image\" \/>\n<meta name=\"twitter:label1\" content=\"Escrit per\" \/>\n\t<meta name=\"twitter:data1\" content=\"calviadeportes\" \/>\n\t<meta name=\"twitter:label2\" content=\"Temps estimat de lectura\" \/>\n\t<meta name=\"twitter:data2\" content=\"3 minuts\" \/>\n<script type=\"application\/ld+json\" class=\"yoast-schema-graph\">{\"@context\":\"https:\\\/\\\/schema.org\",\"@graph\":[{\"@type\":\"Article\",\"@id\":\"https:\\\/\\\/calviadeportes.com\\\/ca\\\/antonio-gran-atletisme-entrevista\\\/#article\",\"isPartOf\":{\"@id\":\"https:\\\/\\\/calviadeportes.com\\\/ca\\\/antonio-gran-atletisme-entrevista\\\/\"},\"author\":{\"name\":\"calviadeportes\",\"@id\":\"https:\\\/\\\/calviadeportes.com\\\/ca\\\/#\\\/schema\\\/person\\\/a7fc55eb915b1a69915da307231a7592\"},\"headline\":\"Antonio Gran &#8211; Atletisme\",\"datePublished\":\"2019-01-22T13:49:43+00:00\",\"dateModified\":\"2021-02-24T13:36:26+00:00\",\"mainEntityOfPage\":{\"@id\":\"https:\\\/\\\/calviadeportes.com\\\/ca\\\/antonio-gran-atletisme-entrevista\\\/\"},\"wordCount\":625,\"image\":{\"@id\":\"https:\\\/\\\/calviadeportes.com\\\/ca\\\/antonio-gran-atletisme-entrevista\\\/#primaryimage\"},\"thumbnailUrl\":\"https:\\\/\\\/i0.wp.com\\\/calviadeportes.com\\\/wp-content\\\/uploads\\\/2021\\\/01\\\/antoni-gran-meta.png?fit=1220%2C813&ssl=1\",\"articleSection\":[\"Atletisme\",\"Calvi\u00e0\"],\"inLanguage\":\"ca\"},{\"@type\":\"WebPage\",\"@id\":\"https:\\\/\\\/calviadeportes.com\\\/ca\\\/antonio-gran-atletisme-entrevista\\\/\",\"url\":\"https:\\\/\\\/calviadeportes.com\\\/ca\\\/antonio-gran-atletisme-entrevista\\\/\",\"name\":\"Entrevista a Antonio Gran - Atletisme - Calvi\u00e0 - Mallorca\",\"isPartOf\":{\"@id\":\"https:\\\/\\\/calviadeportes.com\\\/ca\\\/#website\"},\"primaryImageOfPage\":{\"@id\":\"https:\\\/\\\/calviadeportes.com\\\/ca\\\/antonio-gran-atletisme-entrevista\\\/#primaryimage\"},\"image\":{\"@id\":\"https:\\\/\\\/calviadeportes.com\\\/ca\\\/antonio-gran-atletisme-entrevista\\\/#primaryimage\"},\"thumbnailUrl\":\"https:\\\/\\\/i0.wp.com\\\/calviadeportes.com\\\/wp-content\\\/uploads\\\/2021\\\/01\\\/antoni-gran-meta.png?fit=1220%2C813&ssl=1\",\"datePublished\":\"2019-01-22T13:49:43+00:00\",\"dateModified\":\"2021-02-24T13:36:26+00:00\",\"author\":{\"@id\":\"https:\\\/\\\/calviadeportes.com\\\/ca\\\/#\\\/schema\\\/person\\\/a7fc55eb915b1a69915da307231a7592\"},\"description\":\"Antoni Gran \u00e9s un dels millors atletes que han passat pel nostre municipi, de fet, \u00e9s campi\u00f3 de Balears d'atletisme.\",\"breadcrumb\":{\"@id\":\"https:\\\/\\\/calviadeportes.com\\\/ca\\\/antonio-gran-atletisme-entrevista\\\/#breadcrumb\"},\"inLanguage\":\"ca\",\"potentialAction\":[{\"@type\":\"ReadAction\",\"target\":[\"https:\\\/\\\/calviadeportes.com\\\/ca\\\/antonio-gran-atletisme-entrevista\\\/\"]}]},{\"@type\":\"ImageObject\",\"inLanguage\":\"ca\",\"@id\":\"https:\\\/\\\/calviadeportes.com\\\/ca\\\/antonio-gran-atletisme-entrevista\\\/#primaryimage\",\"url\":\"https:\\\/\\\/i0.wp.com\\\/calviadeportes.com\\\/wp-content\\\/uploads\\\/2021\\\/01\\\/antoni-gran-meta.png?fit=1220%2C813&ssl=1\",\"contentUrl\":\"https:\\\/\\\/i0.wp.com\\\/calviadeportes.com\\\/wp-content\\\/uploads\\\/2021\\\/01\\\/antoni-gran-meta.png?fit=1220%2C813&ssl=1\",\"width\":1220,\"height\":813,\"caption\":\"Antonio Gran Atletismo\"},{\"@type\":\"BreadcrumbList\",\"@id\":\"https:\\\/\\\/calviadeportes.com\\\/ca\\\/antonio-gran-atletisme-entrevista\\\/#breadcrumb\",\"itemListElement\":[{\"@type\":\"ListItem\",\"position\":1,\"name\":\"Portada\",\"item\":\"https:\\\/\\\/calviadeportes.com\\\/ca\\\/\"},{\"@type\":\"ListItem\",\"position\":2,\"name\":\"Antonio Gran &#8211; Atletisme\"}]},{\"@type\":\"WebSite\",\"@id\":\"https:\\\/\\\/calviadeportes.com\\\/ca\\\/#website\",\"url\":\"https:\\\/\\\/calviadeportes.com\\\/ca\\\/\",\"name\":\"Calvi\u00e0 esports\",\"description\":\"ICE Calvi\u00e0 | Ayuntamiento de Calvi\u00e0\",\"potentialAction\":[{\"@type\":\"SearchAction\",\"target\":{\"@type\":\"EntryPoint\",\"urlTemplate\":\"https:\\\/\\\/calviadeportes.com\\\/ca\\\/?s={search_term_string}\"},\"query-input\":{\"@type\":\"PropertyValueSpecification\",\"valueRequired\":true,\"valueName\":\"search_term_string\"}}],\"inLanguage\":\"ca\"},{\"@type\":\"Person\",\"@id\":\"https:\\\/\\\/calviadeportes.com\\\/ca\\\/#\\\/schema\\\/person\\\/a7fc55eb915b1a69915da307231a7592\",\"name\":\"calviadeportes\",\"image\":{\"@type\":\"ImageObject\",\"inLanguage\":\"ca\",\"@id\":\"https:\\\/\\\/secure.gravatar.com\\\/avatar\\\/87b9691b2c03ec0a454b08f3ed3df8fe97eaebe509ce5afc0ba27f40dd959288?s=96&d=mm&r=g\",\"url\":\"https:\\\/\\\/secure.gravatar.com\\\/avatar\\\/87b9691b2c03ec0a454b08f3ed3df8fe97eaebe509ce5afc0ba27f40dd959288?s=96&d=mm&r=g\",\"contentUrl\":\"https:\\\/\\\/secure.gravatar.com\\\/avatar\\\/87b9691b2c03ec0a454b08f3ed3df8fe97eaebe509ce5afc0ba27f40dd959288?s=96&d=mm&r=g\",\"caption\":\"calviadeportes\"},\"sameAs\":[\"http:\\\/\\\/calviadeportes.wordpress.com\"],\"url\":\"https:\\\/\\\/calviadeportes.com\\\/ca\\\/author\\\/calviadeportes\\\/\"}]}<\/script>\n<!-- \/ Yoast SEO plugin. -->","yoast_head_json":{"title":"Entrevista a Antonio Gran - Atletisme - Calvi\u00e0 - Mallorca","description":"Antoni Gran \u00e9s un dels millors atletes que han passat pel nostre municipi, de fet, \u00e9s campi\u00f3 de Balears d'atletisme.","robots":{"index":"index","follow":"follow","max-snippet":"max-snippet:-1","max-image-preview":"max-image-preview:large","max-video-preview":"max-video-preview:-1"},"canonical":"https:\/\/calviadeportes.com\/ca\/antonio-gran-atletisme-entrevista\/","og_locale":"ca_ES","og_type":"article","og_title":"Entrevista a Antonio Gran - Atletisme - Calvi\u00e0 - Mallorca","og_description":"Antoni Gran \u00e9s un dels millors atletes que han passat pel nostre municipi, de fet, \u00e9s campi\u00f3 de Balears d'atletisme.","og_url":"https:\/\/calviadeportes.com\/ca\/antonio-gran-atletisme-entrevista\/","og_site_name":"Calvi\u00e0 esports","article_published_time":"2019-01-22T13:49:43+00:00","article_modified_time":"2021-02-24T13:36:26+00:00","og_image":[{"width":1220,"height":813,"url":"https:\/\/i2.wp.com\/calviadeportes.com\/wp-content\/uploads\/2021\/01\/antoni-gran-meta.png?fit=1220%2C813&ssl=1","type":"image\/png"}],"author":"calviadeportes","twitter_card":"summary_large_image","twitter_misc":{"Escrit per":"calviadeportes","Temps estimat de lectura":"3 minuts"},"schema":{"@context":"https:\/\/schema.org","@graph":[{"@type":"Article","@id":"https:\/\/calviadeportes.com\/ca\/antonio-gran-atletisme-entrevista\/#article","isPartOf":{"@id":"https:\/\/calviadeportes.com\/ca\/antonio-gran-atletisme-entrevista\/"},"author":{"name":"calviadeportes","@id":"https:\/\/calviadeportes.com\/ca\/#\/schema\/person\/a7fc55eb915b1a69915da307231a7592"},"headline":"Antonio Gran &#8211; Atletisme","datePublished":"2019-01-22T13:49:43+00:00","dateModified":"2021-02-24T13:36:26+00:00","mainEntityOfPage":{"@id":"https:\/\/calviadeportes.com\/ca\/antonio-gran-atletisme-entrevista\/"},"wordCount":625,"image":{"@id":"https:\/\/calviadeportes.com\/ca\/antonio-gran-atletisme-entrevista\/#primaryimage"},"thumbnailUrl":"https:\/\/i0.wp.com\/calviadeportes.com\/wp-content\/uploads\/2021\/01\/antoni-gran-meta.png?fit=1220%2C813&ssl=1","articleSection":["Atletisme","Calvi\u00e0"],"inLanguage":"ca"},{"@type":"WebPage","@id":"https:\/\/calviadeportes.com\/ca\/antonio-gran-atletisme-entrevista\/","url":"https:\/\/calviadeportes.com\/ca\/antonio-gran-atletisme-entrevista\/","name":"Entrevista a Antonio Gran - Atletisme - Calvi\u00e0 - Mallorca","isPartOf":{"@id":"https:\/\/calviadeportes.com\/ca\/#website"},"primaryImageOfPage":{"@id":"https:\/\/calviadeportes.com\/ca\/antonio-gran-atletisme-entrevista\/#primaryimage"},"image":{"@id":"https:\/\/calviadeportes.com\/ca\/antonio-gran-atletisme-entrevista\/#primaryimage"},"thumbnailUrl":"https:\/\/i0.wp.com\/calviadeportes.com\/wp-content\/uploads\/2021\/01\/antoni-gran-meta.png?fit=1220%2C813&ssl=1","datePublished":"2019-01-22T13:49:43+00:00","dateModified":"2021-02-24T13:36:26+00:00","author":{"@id":"https:\/\/calviadeportes.com\/ca\/#\/schema\/person\/a7fc55eb915b1a69915da307231a7592"},"description":"Antoni Gran \u00e9s un dels millors atletes que han passat pel nostre municipi, de fet, \u00e9s campi\u00f3 de Balears d'atletisme.","breadcrumb":{"@id":"https:\/\/calviadeportes.com\/ca\/antonio-gran-atletisme-entrevista\/#breadcrumb"},"inLanguage":"ca","potentialAction":[{"@type":"ReadAction","target":["https:\/\/calviadeportes.com\/ca\/antonio-gran-atletisme-entrevista\/"]}]},{"@type":"ImageObject","inLanguage":"ca","@id":"https:\/\/calviadeportes.com\/ca\/antonio-gran-atletisme-entrevista\/#primaryimage","url":"https:\/\/i0.wp.com\/calviadeportes.com\/wp-content\/uploads\/2021\/01\/antoni-gran-meta.png?fit=1220%2C813&ssl=1","contentUrl":"https:\/\/i0.wp.com\/calviadeportes.com\/wp-content\/uploads\/2021\/01\/antoni-gran-meta.png?fit=1220%2C813&ssl=1","width":1220,"height":813,"caption":"Antonio Gran Atletismo"},{"@type":"BreadcrumbList","@id":"https:\/\/calviadeportes.com\/ca\/antonio-gran-atletisme-entrevista\/#breadcrumb","itemListElement":[{"@type":"ListItem","position":1,"name":"Portada","item":"https:\/\/calviadeportes.com\/ca\/"},{"@type":"ListItem","position":2,"name":"Antonio Gran &#8211; Atletisme"}]},{"@type":"WebSite","@id":"https:\/\/calviadeportes.com\/ca\/#website","url":"https:\/\/calviadeportes.com\/ca\/","name":"Calvi\u00e0 esports","description":"ICE Calvi\u00e0 | Ayuntamiento de Calvi\u00e0","potentialAction":[{"@type":"SearchAction","target":{"@type":"EntryPoint","urlTemplate":"https:\/\/calviadeportes.com\/ca\/?s={search_term_string}"},"query-input":{"@type":"PropertyValueSpecification","valueRequired":true,"valueName":"search_term_string"}}],"inLanguage":"ca"},{"@type":"Person","@id":"https:\/\/calviadeportes.com\/ca\/#\/schema\/person\/a7fc55eb915b1a69915da307231a7592","name":"calviadeportes","image":{"@type":"ImageObject","inLanguage":"ca","@id":"https:\/\/secure.gravatar.com\/avatar\/87b9691b2c03ec0a454b08f3ed3df8fe97eaebe509ce5afc0ba27f40dd959288?s=96&d=mm&r=g","url":"https:\/\/secure.gravatar.com\/avatar\/87b9691b2c03ec0a454b08f3ed3df8fe97eaebe509ce5afc0ba27f40dd959288?s=96&d=mm&r=g","contentUrl":"https:\/\/secure.gravatar.com\/avatar\/87b9691b2c03ec0a454b08f3ed3df8fe97eaebe509ce5afc0ba27f40dd959288?s=96&d=mm&r=g","caption":"calviadeportes"},"sameAs":["http:\/\/calviadeportes.wordpress.com"],"url":"https:\/\/calviadeportes.com\/ca\/author\/calviadeportes\/"}]}},"jetpack_publicize_connections":[],"jetpack_featured_media_url":"https:\/\/i0.wp.com\/calviadeportes.com\/wp-content\/uploads\/2021\/01\/antoni-gran-meta.png?fit=1220%2C813&ssl=1","jetpack_likes_enabled":false,"jetpack_sharing_enabled":false,"jetpack_shortlink":"https:\/\/wp.me\/pckSre-43F","_links":{"self":[{"href":"https:\/\/calviadeportes.com\/ca\/wp-json\/wp\/v2\/posts\/15603","targetHints":{"allow":["GET"]}}],"collection":[{"href":"https:\/\/calviadeportes.com\/ca\/wp-json\/wp\/v2\/posts"}],"about":[{"href":"https:\/\/calviadeportes.com\/ca\/wp-json\/wp\/v2\/types\/post"}],"author":[{"embeddable":true,"href":"https:\/\/calviadeportes.com\/ca\/wp-json\/wp\/v2\/users\/75162113"}],"replies":[{"embeddable":true,"href":"https:\/\/calviadeportes.com\/ca\/wp-json\/wp\/v2\/comments?post=15603"}],"version-history":[{"count":5,"href":"https:\/\/calviadeportes.com\/ca\/wp-json\/wp\/v2\/posts\/15603\/revisions"}],"predecessor-version":[{"id":17208,"href":"https:\/\/calviadeportes.com\/ca\/wp-json\/wp\/v2\/posts\/15603\/revisions\/17208"}],"wp:featuredmedia":[{"embeddable":true,"href":"https:\/\/calviadeportes.com\/ca\/wp-json\/wp\/v2\/media\/15609"}],"wp:attachment":[{"href":"https:\/\/calviadeportes.com\/ca\/wp-json\/wp\/v2\/media?parent=15603"}],"wp:term":[{"taxonomy":"category","embeddable":true,"href":"https:\/\/calviadeportes.com\/ca\/wp-json\/wp\/v2\/categories?post=15603"},{"taxonomy":"post_tag","embeddable":true,"href":"https:\/\/calviadeportes.com\/ca\/wp-json\/wp\/v2\/tags?post=15603"}],"curies":[{"name":"wp","href":"https:\/\/api.w.org\/{rel}","templated":true}]}}