{"id":14173,"date":"2021-01-20T12:20:06","date_gmt":"2021-01-20T11:20:06","guid":{"rendered":"https:\/\/calviadeportes.com\/carlos-cabezas-basquet\/"},"modified":"2021-02-24T14:31:09","modified_gmt":"2021-02-24T13:31:09","slug":"carlos-cabezas-basquet-entrevista","status":"publish","type":"post","link":"https:\/\/calviadeportes.com\/ca\/carlos-cabezas-basquet-entrevista\/","title":{"rendered":"Carlos Cabezas &#8211; B\u00e0squet"},"content":{"rendered":"<blockquote>\n<h3><span style=\"color: #e1323a;\"><strong>Carlos Cabezas\u00a0 &#8211; <\/strong><\/span>B\u00e0squet<\/h3>\n<\/blockquote>\n<h3>\u201cEl que v\u00e0rem viure en el vestuari en el Mundial del Jap\u00f3 \u00e9s una cosa dif\u00edcil d\u2019explicar\u201d<\/h3>\n<p>Els\u00a0Golden\u00a0Boys\u00a0de 1999 continuen anotant canastres. Fruit de la irrepetible generaci\u00f3 dels 80 del b\u00e0squet espanyol,\u00a0<strong>Carlos Cabezas<\/strong>\u00a0s\u2019ha convertit en un rodam\u00f3n a la recerca de canastres que perforar i assist\u00e8ncies que donar en totes les latituds. Durant la primera setmana de juliol conjuga la seva passi\u00f3 amb els m\u00e9s petits al campus que porta el seu nom en el col\u00b7legi \u00c0gora\u00a0Portals. Els ensenyar\u00e0 a ficar un triple decisiu mancant 47 segons en la final d\u2019un Mundial j\u00fanior contra els EUA.<\/p>\n<ul>\n<li><strong>Com est\u00e0 anant el campus?<\/strong><\/li>\n<\/ul>\n<p>Molt b\u00e9. Cada dia tenim m\u00e9s confian\u00e7a amb els m\u00e9s joves. Hem fet sessions de xerrada, de jocs, i aportar el meu granet de sorra als m\u00e9s joves sempre \u00e9s positiu. Compartir aquests moments amb els nens per a mi \u00e9s molt divertit. Li tinc molt afecte a Mallorca perqu\u00e8 el meu representant, David\u00a0Carro, \u00e9s d\u2019aqu\u00ed, com molts altres amics.<\/p>\n<ul>\n<li><strong>Et coneixen els nins, a causa d\u2019aquest salt generacional que hi ha?<\/strong><\/li>\n<\/ul>\n<p>Ara Internet i les xarxes socials ajuden molt. Han passat uns anys sobretot dels nostres grans \u00e8xits, per\u00f2 avui dia al segon et busquen r\u00e0pid i t\u2019imiten. Saben les canastres tan importants que he ficat per als meus equips i per a Espanya. \u00c9s la innoc\u00e8ncia dels nins i \u00e9s el bonic d\u2019aquest moment.<\/p>\n<ul>\n<li><strong>Com reaccionen al saber que ets campi\u00f3 del m\u00f3n, d\u2019Europa, de l\u2019ACB?<\/strong><\/li>\n<\/ul>\n<p>Els he donat una xerrada en la qual tenien l\u2019oportunitat de fer-me les preguntes que volguessin i se sorprenen molt que hagi jugat amb jugadors que encara estan al primer nivell com Pau Gasol i altres. Aix\u00f2 els crida molt l\u2019atenci\u00f3. Molts s\u00f3n petits, per\u00f2 veuen coses per Internet, els partits de la lliga, i es queden molt sorpresos per aquesta innoc\u00e8ncia que tenen.<\/p>\n<ul>\n<li><strong>Quins records tens de la teva inf\u00e0ncia en el b\u00e0squet, quan eres com els nois als quals ensenyes?<\/strong><\/li>\n<\/ul>\n<p>\u00c9s una etapa preciosa. Sempre esperava acabar\u00a0l\u2019escola per a anar als campus. Els pares tenen molta culpa i \u00e9s important\u00edssim que quan els nins acabin les seves obligacions a l\u2019escola vagin a campus o a campaments de qualsevol tipus d\u2019esport. \u00c9s un encert. Jo ho recordo igual: amb aquesta m\u00e0gia del moment de fer amics i con\u00e8ixer a les estrelles que en aquest moment ens venien a visitar.<\/p>\n<ul>\n<li><strong>Qui eren aquestes estrelles?<\/strong><\/li>\n<\/ul>\n<p>En el seu moment eren Nacho Rodr\u00edguez, en el qual em fixava molt perqu\u00e8 jugava de base en Unicaja, i tamb\u00e9 jugadors NBA com Lewis Brown o\u00a0Sa\u0161a\u00a0Djordjevic.<\/p>\n<ul>\n<li><strong>Com va ser la teva traject\u00f2ria fins a debutar en l\u2019ACB amb Unicaja?<\/strong><\/li>\n<\/ul>\n<p>Molt positiva, molt bona. Vaig passar per totes les categories inferiors d\u2019Unicaja M\u00e1laga. Vaig comen\u00e7ar en el Club Basket\u00a0Marbella com a mini\u00a0basket\u00a0i des d\u2019infantil vaig jugar en Unicaja fins a debutar amb 18 anys amb el primer equip.<\/p>\n<ul>\n<li><strong>Qu\u00e8 queda del Carlos Cabezas que va ser\u00a0Golden\u00a0Boy\u00a0en el 99?<\/strong><\/li>\n<\/ul>\n<p>Continua quedant la mateixa persona, una mica m\u00e9s major, amb molts \u00e8xits gr\u00e0cies a la gran generaci\u00f3 que he viscut i els clubs en els quals he estat, que m\u2019han perm\u00e8s aconseguir moltes medalles i campionats. Tamb\u00e9 la humilitat, el treball i el respecte a les persones i a aquest esport.<\/p>\n<ul>\n<li><strong>Vas triomfar en Unicaja i despr\u00e9s has passat per diversos equips d\u2019Europa i Sud-am\u00e8rica, com definiries la teva carrera fins ara?<\/strong><\/li>\n<\/ul>\n<p>Marcada per molts moments, per\u00f2 sobretot amb \u00e8xits. He tingut una gran experi\u00e8ncia en tots els equips amb els quals he jugat i haver viscut l\u2019\u00e8poca daurada d\u2019Unicaja i de la selecci\u00f3 espanyola \u00e9s el m\u00e9s important de la meva carrera. I aquest viatge a Moscou, al\u00a0Khimki, va marcar tamb\u00e9 una mica la meva carrera.<\/p>\n<ul>\n<li><strong>Nom\u00e9s quedau tres jugadors en actiu d\u2019aquella generaci\u00f3 d\u2019or que va guanyar el Mundial j\u00fanior en 1999, qu\u00e8 et motiva a continuar jugant?<\/strong><\/li>\n<\/ul>\n<p>Em motiva no haver tingut cap lesi\u00f3 important, la il\u00b7lusi\u00f3, el seguir actiu i l\u2019afany competitiu. Quan arriba el cap de setmana m\u2019agrada jugar, competir, em sento b\u00e9. En tots els pa\u00efsos i equips en els quals he jugat en aquests anys he aportat el meu granet de sorra i he ajudat als m\u00e9s joves. Serveixo de refer\u00e8ncia a molts jugadors, sobretot els que juguen en la meva posici\u00f3 (base), com una persona que ha guanyat molt, i aix\u00f2 \u00e9s important per als clubs. A partir d\u2019aqu\u00ed, viure temporada a temporada, si em vaig sentint amb ganes i amb aspiraci\u00f3, com he acabat fins ara i com continua sent, ja que pr\u00e0cticament tancar\u00e9 un nou contracte, encara tinc almenys un any m\u00e9s.<\/p>\n<ul>\n<li><strong>Qu\u00e8 et porta a anar a llocs ex\u00f2tics com Vene\u00e7uela o Hongria?<\/strong><\/li>\n<\/ul>\n<p>El meu pare \u00e9s uruguai\u00e0 i el tema de Sud-am\u00e8rica ve per aqu\u00ed. Em va sortir una opci\u00f3 molt bonica d\u2019un gran equip vene\u00e7ol\u00e0 com\u00a0Guaros\u00a0de Lara, amb el qual vam ser campions de Sud-am\u00e8rica. A pesar que el pa\u00eds no est\u00e0 passant pel millor moment, em van tractar molt b\u00e9 i hi havia una gran infraestructura. I al final em va sortir b\u00e9 perqu\u00e8 v\u00e0rem guanyar un t\u00edtol. Aix\u00f2 m\u2019ha obert el mercat a l\u2019Argentina i l\u2019Uruguai, entre altres.<\/p>\n<p>Aquesta \u00faltima temporada he jugat a Hongria. Vaig\u00a0anar-hi\u00a0perqu\u00e8 l\u2019entrenador, Jes\u00fas Ram\u00edrez, \u00e9s espanyol i havia entrenat amb Carles Dur\u00e1n a Bilbao\u00a0Basket. Es va posar en contacte amb mi i em va dir que all\u00ed hi havia un projecte bonic, s\u00f2lid. No coneixia molt d\u2019Hongria, per\u00f2 m\u2019he vingut molt content de l\u2019experi\u00e8ncia que he viscut. M\u2019ha encantat. Estava en un lloc molt a prop de Budapest.<\/p>\n<ul>\n<li><strong>I ara cam\u00ed al pa\u00eds del teu pare, l\u2019Uruguai?<\/strong><\/li>\n<\/ul>\n<p>Aix\u00f2 \u00e9s. Estic molt\u00a0a prop de signar en un gran equip com a Nacional, de Montevideo. No \u00e9s oficial, per\u00f2 ja pr\u00e0cticament ho tinc decidit. Acabar el cicle on tinc les arrels, on va comen\u00e7ar el meu pap\u00e0 fa tants anys, i en un bon equip com a Nacional, club m\u00edtic de l\u2019Uruguai, em sembla molt bonic. Ho faig primer per mi, per\u00f2 tot ha influ\u00eft en la meva decisi\u00f3.<\/p>\n<ul>\n<li><strong>No es d\u00f3na l\u2019opci\u00f3 d\u2019acabar jugant en l\u2019ACB o no t\u2019atreu la idea?<\/strong><\/li>\n<\/ul>\n<p>Per descomptat. Era una de les opcions que tenia marcades: acabar aqu\u00ed a Espanya. Per diferents motius, contractual o per desig d\u2019altres equips, no ha pogut ser. Entenc que porto dues temporades fora d\u2019Espanya i amb l\u2019edat que tinc m\u2019ha sortit alguna opci\u00f3, tamb\u00e9 en\u00a0LEB\u00a0Or, per\u00f2 prefereixo con\u00e8ixer altres cultures, altres pa\u00efsos i companys, i aix\u00f2 em motiva m\u00e9s.<\/p>\n<ul>\n<li><strong>\u00c9s atractiva l\u2019oferta de l\u2019Uruguai?<\/strong><\/li>\n<\/ul>\n<p>Efectivament, \u00e9s atractiva. A m\u00e9s m\u2019ofereixen dos anys. Amb l\u2019edat que tinc i de la generaci\u00f3 que s\u00f3c, en aquest moment de la vida que et donin dues temporades garantides en un club el valoro molt. Em d\u00f3na molta confian\u00e7a.<\/p>\n<ul>\n<li><strong>Vas arribar a entrenar amb equips NBA, per\u00f2 no\u00a0va fructificar\u00a0el fitxatge. Per qu\u00e8?<\/strong><\/li>\n<\/ul>\n<p>Vaig estar molt prop d\u2019anar a Orlando\u00a0Magic. Abans de prendre la decisi\u00f3 de sortir de M\u00e1laga per a anar al\u00a0Khimki\u00a0tenia totes les opcions del m\u00f3n per a anar-hi. Va ser un tema m\u00e9s aviat contractual i una decisi\u00f3 que vaig prendre perqu\u00e8 creia que per a mi era la millor. Despr\u00e9s vaig estar entrenant amb diversos equips i en aquest moment no em va arribar cap contracte. Tamb\u00e9 em va enxampar una mica m\u00e9s major. Vaig seguir el meu cam\u00ed a Europa. M\u2019ha quedat aquest puntet de provar l\u2019NBA, ja que en el seu moment vaig tenir una gran, gran oportunitat d\u2019anar, per\u00f2 al final s\u00f3n decisions que prens en el moment i et quedes amb les experi\u00e8ncies viscudes en altres llocs.<\/p>\n<ul>\n<li><strong>Era un dels teus somnis jugar en l\u2019NBA?<\/strong><\/li>\n<\/ul>\n<p>S\u00ed, \u00e9s un somni jugar en l\u2019NBA, com tinc tants companys i amics que estan all\u00e0. Sempre hauria estat bonic poder provar, per\u00f2 van ser decisions que vaig prendre en el seu moment i despr\u00e9s no he tingut m\u00e9s opcions.<\/p>\n<ul>\n<li><strong>Amb quin moment de la teva carrera fins ara et quedes?<\/strong><\/li>\n<\/ul>\n<p>Em quedo amb el meu debut, amb el campionat de lliga amb Unicaja i amb els campionats del m\u00f3n, el j\u00fanior a Portugal en 1999 i l\u2019absolut al Jap\u00f3 en 2006. El meu debut i els t\u00edtols s\u00f3n molt especials. Guanyar la lliga amb el club de tota la meva vida, Unicaja, amb l\u2019equip de la meva ciutat i on he crescut, \u00e9s una cosa magn\u00edfica. I ser campi\u00f3 del m\u00f3n\u2026<\/p>\n<ul>\n<li><strong>Com vau viure en el vestuari el Mundial del Jap\u00f3?\u00a0<\/strong><\/li>\n<\/ul>\n<p>\u00c9rem una pinya. \u00c9s una cosa dif\u00edcil d\u2019explicar. Son una s\u00e8rie d\u2019emocions i situacions molt boniques que vivim sent joves. Gaudir aquest moment \u00e9s una cosa inoblidable que costar\u00e0 molt que torni a passar.<\/p>\n<ul>\n<li><strong>Entre la lesi\u00f3 de Pau Gasol i la defunci\u00f3 del pare de Pepu Hern\u00e1ndez (del qual no us van informar), va ser un Mundial amb un component emocional important. Com ho vau manejar?<\/strong><\/li>\n<\/ul>\n<p>Ho\u00a0v\u00e0rem manejar amb molt de respecte. Aix\u00f2 de Pepu no ho vam saber fins al cap de la final i ens\u00a0vam quedar tots sorpresos amb la seva fortalesa i amb com ho\u00a0va dur\u00a0ell personalment. I aix\u00f2 de Pau, amb una emoci\u00f3 tremenda. En el vestuari despr\u00e9s de guanyar a l\u2019Argentina en la semifinal hi havia un sentiment molt fortVam sortir\u00a0despr\u00e9s amb la samarreta de \u201cPau tambi\u00e9n juega\u201d i va ser una motivaci\u00f3 brutal. Per al seu germ\u00e0 especialment. Va ser una gran oportunitat per a Marc. Aqu\u00ed es consagra amb la defensa que fa. Van ser moments molt bonics.<\/p>\n<ul>\n<li><strong>Es repetir\u00e0 una generaci\u00f3 d\u2019or com la vostra?<\/strong><\/li>\n<\/ul>\n<p>Ser\u00e0 dif\u00edcil. \u00c9s una generaci\u00f3 on hi ha hagut grand\u00edssims jugadors amb set o vuit\u00a0megatop. Res \u00e9s impossible. Esperem que s\u00ed pel b\u00e9 del b\u00e0squet espanyol. Hi ha jugadors de noves generacions amb molt\u00edssim talent, per\u00f2 ja es veur\u00e0. Reempla\u00e7ar a Pau Gasol i a Juan Carlos Navarro i a tots els que venim darrere no \u00e9s f\u00e0cil.<\/p>\n<ul>\n<li><strong>Per a aix\u00f2 treballau amb els m\u00e9s petits, no?<\/strong><\/li>\n<\/ul>\n<p>\u00c9s clar. Entre els entrenadors, els campus, els clubs, cal intentar treballar i treure tots els Pau Gasol, Carlos Cabezas i Ra\u00fcl L\u00f3pez que hi hagi. Aqu\u00ed a Mallorca hi ha gent amb molt de talent. Estan sortint jugadors com\u00a0Abrines, com Rudy, Pere Tom\u00e1s\u2026 Aix\u00f2 significa que alguna cosa s\u2019ha d\u2019estar fent b\u00e9. Hi ha nois que estan en l\u2019elit i jugadors NBA que s\u00f3n mallorquins.<\/p>\n<ul>\n<li><strong>Dels pa\u00efsos en els quals has estat, amb quin et quedaries?<\/strong><\/li>\n<\/ul>\n<p>Em quedaria amb Vene\u00e7uela. La gent es quedar\u00e0 una mica boja perqu\u00e8 la situaci\u00f3 all\u00ed est\u00e0 una mica\u2026 Per\u00f2 em sembla un pa\u00eds\u00a0s\u00faperinteresant,\u00a0superprofesionals, com en l\u2019equip on vaig estar, amb una infraestructura per a com estan molt bona. El club em va semblar incre\u00efble, amb unes instal\u00b7lacions brutals, i vaig sortir encantat. Evidentment no s\u00f3n els millors moments, per\u00f2 despr\u00e9s del que he conegut, pel clima, per la forma de viure, em va encantar.<\/p>\n<p>M\u2019han agradat pr\u00e0cticament gaireb\u00e9 tots els llocs on he estat. R\u00fassia i Moscou em van agradar molt; Orleans, que est\u00e0 molt a prop de Par\u00eds, tamb\u00e9; l\u2019Argentina\u2026 Per\u00f2 si m\u2019he de quedar amb un, Vene\u00e7uela.<\/p>\n<ul>\n<li><strong>Et va quedar la\u00a0espineta clavada de no haver disputat uns JJOO?<\/strong><\/li>\n<\/ul>\n<p>Aquesta\u00a0espineta\u00a0me l\u2019has ficat. M\u2019ha quedat marcada, per\u00f2 aix\u00f2 \u00e9s esport. Uns me\u2019ls vaig perdre perqu\u00e8 vaig arribar mig tocat i uns altres per una decisi\u00f3 t\u00e8cnica que en el seu moment va ser pol\u00e8mica. Per\u00f2 ja est\u00e0 tot sanat. M\u2019ha quedat jugar uns JJOO, per\u00f2 he jugat un Mundial i diversos Europeus, i damunt amb la sort d\u2019haver-los guanyat. Aix\u00f2\u00a0em calma una mica.<\/p>\n<ul>\n<li><strong>Despr\u00e9s del b\u00e0squet hi haur\u00e0 vida?<\/strong><\/li>\n<\/ul>\n<p>Per descomptat. Espero que hi hagi vida esportiva, que la hi haur\u00e0 al 99%. Tamb\u00e9 s\u00f3c empresari, estic associat al grup M\u00e1laga\u00a0Premium, amb hotels i una cerveseria artesanal, i m\u2019encanta. Estic\u00a0supercontent, aporto molt\u00edssim al grup, encara que estic una mica m\u00e9s retirat i s\u00f3c soci capitalista en continuar jugant. Per\u00f2 despr\u00e9s m\u2019agradaria seguir vinculat amb l\u2019esport perqu\u00e8 puc aportar moltes coses a la meva ciutat i a Mallorca, on estic encantat. M\u2019apassionen els nens i el\u00a0b\u00e0squet. Poder comunicar i expressar la meva experi\u00e8ncia per a ells \u00e9s important i gaireb\u00e9 tots els de la meva generaci\u00f3 pensen el mateix.<\/p>\n<p><strong>TEST<\/strong><\/p>\n<p><strong>Pel\u00b7l\u00edcula:<\/strong>\u00a0El\u00a0juego de la venganza<\/p>\n<p><strong>Llibre:<\/strong>\u00a0Onze minuts, de Paulo\u00a0Coelho<\/p>\n<p><strong>\u00cddol:<\/strong>\u00a0Pau Gasol<\/p>\n<p><strong>Somni:<\/strong>\u00a0Haver estat campi\u00f3 del m\u00f3n<\/p>\n<p><strong>Menjar:<\/strong>\u00a0El rostit<\/p>\n<p><strong>Lloc:<\/strong>\u00a0Marbella<\/p>\n<p><strong>Viatge:<\/strong>\u00a0Maldives, tinc moltes ganes d\u2019anar<\/p>\n","protected":false},"excerpt":{"rendered":"<p>Carlos Cabezas\u00a0 &#8211; B\u00e0squet \u201cEl que v\u00e0rem viure en el vestuari en el Mundial del Jap\u00f3 \u00e9s una cosa dif\u00edcil d\u2019explicar\u201d Els\u00a0Golden\u00a0Boys\u00a0de 1999 continuen anotant canastres. Fruit de la irrepetible&#8230;<\/p>\n","protected":false},"author":75162113,"featured_media":14174,"comment_status":"closed","ping_status":"closed","sticky":false,"template":"","format":"standard","meta":{"_coblocks_attr":"","_coblocks_dimensions":"","_coblocks_responsive_height":"","_coblocks_accordion_ie_support":"","_jetpack_newsletter_access":"","_jetpack_dont_email_post_to_subs":false,"_jetpack_newsletter_tier_id":0,"_jetpack_memberships_contains_paywalled_content":false,"_wpcom_ai_launchpad_first_post":false,"_jetpack_feature_clip_id":0,"_jetpack_memberships_contains_paid_content":false,"footnotes":"","jetpack_publicize_message":"{title}\n\n{excerpt}\n\n{url}","jetpack_publicize_feature_enabled":true,"jetpack_social_post_already_shared":true,"jetpack_social_options":{"image_generator_settings":{"template":"highway","default_image_id":0,"font":"","enabled":false},"version":2},"_wpas_customize_per_network":false,"jetpack_post_was_ever_published":false},"categories":[219,214],"tags":[],"class_list":["post-14173","post","type-post","status-publish","format-standard","has-post-thumbnail","hentry","category-basquet","category-calvia-ca"],"yoast_head":"<!-- This site is optimized with the Yoast SEO plugin v28.4 - https:\/\/yoast.com\/product\/yoast-seo-wordpress\/ -->\n<title>Entrevista a Carlos Cabezas - B\u00e0squet - Calvi\u00e0 - Mallorca<\/title>\n<meta name=\"description\" content=\"Carlos Cabezas \u00e9s un jugador de b\u00e0squet de la generaci\u00f3 d&#039;or del b\u00e0squet espanyol, els 80. Avui dia \u00e9s entrenador en l&#039;\u00c0gora Portals.\" \/>\n<meta name=\"robots\" content=\"index, follow, max-snippet:-1, max-image-preview:large, max-video-preview:-1\" \/>\n<link rel=\"canonical\" href=\"https:\/\/calviadeportes.com\/ca\/carlos-cabezas-basquet-entrevista\/\" \/>\n<meta property=\"og:locale\" content=\"ca_ES\" \/>\n<meta property=\"og:type\" content=\"article\" \/>\n<meta property=\"og:title\" content=\"Entrevista a Carlos Cabezas - B\u00e0squet - Calvi\u00e0 - Mallorca\" \/>\n<meta property=\"og:description\" content=\"Carlos Cabezas \u00e9s un jugador de b\u00e0squet de la generaci\u00f3 d&#039;or del b\u00e0squet espanyol, els 80. Avui dia \u00e9s entrenador en l&#039;\u00c0gora Portals.\" \/>\n<meta property=\"og:url\" content=\"https:\/\/calviadeportes.com\/ca\/carlos-cabezas-basquet-entrevista\/\" \/>\n<meta property=\"og:site_name\" content=\"Calvi\u00e0 esports\" \/>\n<meta property=\"article:published_time\" content=\"2021-01-20T11:20:06+00:00\" \/>\n<meta property=\"article:modified_time\" content=\"2021-02-24T13:31:09+00:00\" \/>\n<meta property=\"og:image\" content=\"https:\/\/i2.wp.com\/calviadeportes.com\/wp-content\/uploads\/2020\/12\/Carlos-Cabeza_web03-1140x1140-1.jpg?fit=1140%2C1140&ssl=1\" \/>\n\t<meta property=\"og:image:width\" content=\"1140\" \/>\n\t<meta property=\"og:image:height\" content=\"1140\" \/>\n\t<meta property=\"og:image:type\" content=\"image\/jpeg\" \/>\n<meta name=\"author\" content=\"calviadeportes\" \/>\n<meta name=\"twitter:card\" content=\"summary_large_image\" \/>\n<meta name=\"twitter:label1\" content=\"Escrit per\" \/>\n\t<meta name=\"twitter:data1\" content=\"calviadeportes\" \/>\n\t<meta name=\"twitter:label2\" content=\"Temps estimat de lectura\" \/>\n\t<meta name=\"twitter:data2\" content=\"10 minuts\" \/>\n<script type=\"application\/ld+json\" class=\"yoast-schema-graph\">{\"@context\":\"https:\\\/\\\/schema.org\",\"@graph\":[{\"@type\":\"Article\",\"@id\":\"https:\\\/\\\/calviadeportes.com\\\/ca\\\/carlos-cabezas-basquet-entrevista\\\/#article\",\"isPartOf\":{\"@id\":\"https:\\\/\\\/calviadeportes.com\\\/ca\\\/carlos-cabezas-basquet-entrevista\\\/\"},\"author\":{\"name\":\"calviadeportes\",\"@id\":\"https:\\\/\\\/calviadeportes.com\\\/ca\\\/#\\\/schema\\\/person\\\/a7fc55eb915b1a69915da307231a7592\"},\"headline\":\"Carlos Cabezas &#8211; B\u00e0squet\",\"datePublished\":\"2021-01-20T11:20:06+00:00\",\"dateModified\":\"2021-02-24T13:31:09+00:00\",\"mainEntityOfPage\":{\"@id\":\"https:\\\/\\\/calviadeportes.com\\\/ca\\\/carlos-cabezas-basquet-entrevista\\\/\"},\"wordCount\":2272,\"image\":{\"@id\":\"https:\\\/\\\/calviadeportes.com\\\/ca\\\/carlos-cabezas-basquet-entrevista\\\/#primaryimage\"},\"thumbnailUrl\":\"https:\\\/\\\/i0.wp.com\\\/calviadeportes.com\\\/wp-content\\\/uploads\\\/2020\\\/12\\\/Carlos-Cabeza_web03-1140x1140-1.jpg?fit=1140%2C1140&ssl=1\",\"articleSection\":[\"B\u00e0squet\",\"Calvi\u00e0\"],\"inLanguage\":\"ca\"},{\"@type\":\"WebPage\",\"@id\":\"https:\\\/\\\/calviadeportes.com\\\/ca\\\/carlos-cabezas-basquet-entrevista\\\/\",\"url\":\"https:\\\/\\\/calviadeportes.com\\\/ca\\\/carlos-cabezas-basquet-entrevista\\\/\",\"name\":\"Entrevista a Carlos Cabezas - B\u00e0squet - Calvi\u00e0 - Mallorca\",\"isPartOf\":{\"@id\":\"https:\\\/\\\/calviadeportes.com\\\/ca\\\/#website\"},\"primaryImageOfPage\":{\"@id\":\"https:\\\/\\\/calviadeportes.com\\\/ca\\\/carlos-cabezas-basquet-entrevista\\\/#primaryimage\"},\"image\":{\"@id\":\"https:\\\/\\\/calviadeportes.com\\\/ca\\\/carlos-cabezas-basquet-entrevista\\\/#primaryimage\"},\"thumbnailUrl\":\"https:\\\/\\\/i0.wp.com\\\/calviadeportes.com\\\/wp-content\\\/uploads\\\/2020\\\/12\\\/Carlos-Cabeza_web03-1140x1140-1.jpg?fit=1140%2C1140&ssl=1\",\"datePublished\":\"2021-01-20T11:20:06+00:00\",\"dateModified\":\"2021-02-24T13:31:09+00:00\",\"author\":{\"@id\":\"https:\\\/\\\/calviadeportes.com\\\/ca\\\/#\\\/schema\\\/person\\\/a7fc55eb915b1a69915da307231a7592\"},\"description\":\"Carlos Cabezas \u00e9s un jugador de b\u00e0squet de la generaci\u00f3 d'or del b\u00e0squet espanyol, els 80. Avui dia \u00e9s entrenador en l'\u00c0gora Portals.\",\"breadcrumb\":{\"@id\":\"https:\\\/\\\/calviadeportes.com\\\/ca\\\/carlos-cabezas-basquet-entrevista\\\/#breadcrumb\"},\"inLanguage\":\"ca\",\"potentialAction\":[{\"@type\":\"ReadAction\",\"target\":[\"https:\\\/\\\/calviadeportes.com\\\/ca\\\/carlos-cabezas-basquet-entrevista\\\/\"]}]},{\"@type\":\"ImageObject\",\"inLanguage\":\"ca\",\"@id\":\"https:\\\/\\\/calviadeportes.com\\\/ca\\\/carlos-cabezas-basquet-entrevista\\\/#primaryimage\",\"url\":\"https:\\\/\\\/i0.wp.com\\\/calviadeportes.com\\\/wp-content\\\/uploads\\\/2020\\\/12\\\/Carlos-Cabeza_web03-1140x1140-1.jpg?fit=1140%2C1140&ssl=1\",\"contentUrl\":\"https:\\\/\\\/i0.wp.com\\\/calviadeportes.com\\\/wp-content\\\/uploads\\\/2020\\\/12\\\/Carlos-Cabeza_web03-1140x1140-1.jpg?fit=1140%2C1140&ssl=1\",\"width\":1140,\"height\":1140,\"caption\":\"Carlos Cabeza - Baloncesto\"},{\"@type\":\"BreadcrumbList\",\"@id\":\"https:\\\/\\\/calviadeportes.com\\\/ca\\\/carlos-cabezas-basquet-entrevista\\\/#breadcrumb\",\"itemListElement\":[{\"@type\":\"ListItem\",\"position\":1,\"name\":\"Portada\",\"item\":\"https:\\\/\\\/calviadeportes.com\\\/ca\\\/\"},{\"@type\":\"ListItem\",\"position\":2,\"name\":\"Carlos Cabezas &#8211; B\u00e0squet\"}]},{\"@type\":\"WebSite\",\"@id\":\"https:\\\/\\\/calviadeportes.com\\\/ca\\\/#website\",\"url\":\"https:\\\/\\\/calviadeportes.com\\\/ca\\\/\",\"name\":\"Calvi\u00e0 esports\",\"description\":\"ICE Calvi\u00e0 | Ayuntamiento de Calvi\u00e0\",\"potentialAction\":[{\"@type\":\"SearchAction\",\"target\":{\"@type\":\"EntryPoint\",\"urlTemplate\":\"https:\\\/\\\/calviadeportes.com\\\/ca\\\/?s={search_term_string}\"},\"query-input\":{\"@type\":\"PropertyValueSpecification\",\"valueRequired\":true,\"valueName\":\"search_term_string\"}}],\"inLanguage\":\"ca\"},{\"@type\":\"Person\",\"@id\":\"https:\\\/\\\/calviadeportes.com\\\/ca\\\/#\\\/schema\\\/person\\\/a7fc55eb915b1a69915da307231a7592\",\"name\":\"calviadeportes\",\"image\":{\"@type\":\"ImageObject\",\"inLanguage\":\"ca\",\"@id\":\"https:\\\/\\\/secure.gravatar.com\\\/avatar\\\/87b9691b2c03ec0a454b08f3ed3df8fe97eaebe509ce5afc0ba27f40dd959288?s=96&d=mm&r=g\",\"url\":\"https:\\\/\\\/secure.gravatar.com\\\/avatar\\\/87b9691b2c03ec0a454b08f3ed3df8fe97eaebe509ce5afc0ba27f40dd959288?s=96&d=mm&r=g\",\"contentUrl\":\"https:\\\/\\\/secure.gravatar.com\\\/avatar\\\/87b9691b2c03ec0a454b08f3ed3df8fe97eaebe509ce5afc0ba27f40dd959288?s=96&d=mm&r=g\",\"caption\":\"calviadeportes\"},\"sameAs\":[\"http:\\\/\\\/calviadeportes.wordpress.com\"],\"url\":\"https:\\\/\\\/calviadeportes.com\\\/ca\\\/author\\\/calviadeportes\\\/\"}]}<\/script>\n<!-- \/ Yoast SEO plugin. -->","yoast_head_json":{"title":"Entrevista a Carlos Cabezas - B\u00e0squet - Calvi\u00e0 - Mallorca","description":"Carlos Cabezas \u00e9s un jugador de b\u00e0squet de la generaci\u00f3 d'or del b\u00e0squet espanyol, els 80. Avui dia \u00e9s entrenador en l'\u00c0gora Portals.","robots":{"index":"index","follow":"follow","max-snippet":"max-snippet:-1","max-image-preview":"max-image-preview:large","max-video-preview":"max-video-preview:-1"},"canonical":"https:\/\/calviadeportes.com\/ca\/carlos-cabezas-basquet-entrevista\/","og_locale":"ca_ES","og_type":"article","og_title":"Entrevista a Carlos Cabezas - B\u00e0squet - Calvi\u00e0 - Mallorca","og_description":"Carlos Cabezas \u00e9s un jugador de b\u00e0squet de la generaci\u00f3 d'or del b\u00e0squet espanyol, els 80. Avui dia \u00e9s entrenador en l'\u00c0gora Portals.","og_url":"https:\/\/calviadeportes.com\/ca\/carlos-cabezas-basquet-entrevista\/","og_site_name":"Calvi\u00e0 esports","article_published_time":"2021-01-20T11:20:06+00:00","article_modified_time":"2021-02-24T13:31:09+00:00","og_image":[{"width":1140,"height":1140,"url":"https:\/\/i2.wp.com\/calviadeportes.com\/wp-content\/uploads\/2020\/12\/Carlos-Cabeza_web03-1140x1140-1.jpg?fit=1140%2C1140&ssl=1","type":"image\/jpeg"}],"author":"calviadeportes","twitter_card":"summary_large_image","twitter_misc":{"Escrit per":"calviadeportes","Temps estimat de lectura":"10 minuts"},"schema":{"@context":"https:\/\/schema.org","@graph":[{"@type":"Article","@id":"https:\/\/calviadeportes.com\/ca\/carlos-cabezas-basquet-entrevista\/#article","isPartOf":{"@id":"https:\/\/calviadeportes.com\/ca\/carlos-cabezas-basquet-entrevista\/"},"author":{"name":"calviadeportes","@id":"https:\/\/calviadeportes.com\/ca\/#\/schema\/person\/a7fc55eb915b1a69915da307231a7592"},"headline":"Carlos Cabezas &#8211; B\u00e0squet","datePublished":"2021-01-20T11:20:06+00:00","dateModified":"2021-02-24T13:31:09+00:00","mainEntityOfPage":{"@id":"https:\/\/calviadeportes.com\/ca\/carlos-cabezas-basquet-entrevista\/"},"wordCount":2272,"image":{"@id":"https:\/\/calviadeportes.com\/ca\/carlos-cabezas-basquet-entrevista\/#primaryimage"},"thumbnailUrl":"https:\/\/i0.wp.com\/calviadeportes.com\/wp-content\/uploads\/2020\/12\/Carlos-Cabeza_web03-1140x1140-1.jpg?fit=1140%2C1140&ssl=1","articleSection":["B\u00e0squet","Calvi\u00e0"],"inLanguage":"ca"},{"@type":"WebPage","@id":"https:\/\/calviadeportes.com\/ca\/carlos-cabezas-basquet-entrevista\/","url":"https:\/\/calviadeportes.com\/ca\/carlos-cabezas-basquet-entrevista\/","name":"Entrevista a Carlos Cabezas - B\u00e0squet - Calvi\u00e0 - Mallorca","isPartOf":{"@id":"https:\/\/calviadeportes.com\/ca\/#website"},"primaryImageOfPage":{"@id":"https:\/\/calviadeportes.com\/ca\/carlos-cabezas-basquet-entrevista\/#primaryimage"},"image":{"@id":"https:\/\/calviadeportes.com\/ca\/carlos-cabezas-basquet-entrevista\/#primaryimage"},"thumbnailUrl":"https:\/\/i0.wp.com\/calviadeportes.com\/wp-content\/uploads\/2020\/12\/Carlos-Cabeza_web03-1140x1140-1.jpg?fit=1140%2C1140&ssl=1","datePublished":"2021-01-20T11:20:06+00:00","dateModified":"2021-02-24T13:31:09+00:00","author":{"@id":"https:\/\/calviadeportes.com\/ca\/#\/schema\/person\/a7fc55eb915b1a69915da307231a7592"},"description":"Carlos Cabezas \u00e9s un jugador de b\u00e0squet de la generaci\u00f3 d'or del b\u00e0squet espanyol, els 80. Avui dia \u00e9s entrenador en l'\u00c0gora Portals.","breadcrumb":{"@id":"https:\/\/calviadeportes.com\/ca\/carlos-cabezas-basquet-entrevista\/#breadcrumb"},"inLanguage":"ca","potentialAction":[{"@type":"ReadAction","target":["https:\/\/calviadeportes.com\/ca\/carlos-cabezas-basquet-entrevista\/"]}]},{"@type":"ImageObject","inLanguage":"ca","@id":"https:\/\/calviadeportes.com\/ca\/carlos-cabezas-basquet-entrevista\/#primaryimage","url":"https:\/\/i0.wp.com\/calviadeportes.com\/wp-content\/uploads\/2020\/12\/Carlos-Cabeza_web03-1140x1140-1.jpg?fit=1140%2C1140&ssl=1","contentUrl":"https:\/\/i0.wp.com\/calviadeportes.com\/wp-content\/uploads\/2020\/12\/Carlos-Cabeza_web03-1140x1140-1.jpg?fit=1140%2C1140&ssl=1","width":1140,"height":1140,"caption":"Carlos Cabeza - Baloncesto"},{"@type":"BreadcrumbList","@id":"https:\/\/calviadeportes.com\/ca\/carlos-cabezas-basquet-entrevista\/#breadcrumb","itemListElement":[{"@type":"ListItem","position":1,"name":"Portada","item":"https:\/\/calviadeportes.com\/ca\/"},{"@type":"ListItem","position":2,"name":"Carlos Cabezas &#8211; B\u00e0squet"}]},{"@type":"WebSite","@id":"https:\/\/calviadeportes.com\/ca\/#website","url":"https:\/\/calviadeportes.com\/ca\/","name":"Calvi\u00e0 esports","description":"ICE Calvi\u00e0 | Ayuntamiento de Calvi\u00e0","potentialAction":[{"@type":"SearchAction","target":{"@type":"EntryPoint","urlTemplate":"https:\/\/calviadeportes.com\/ca\/?s={search_term_string}"},"query-input":{"@type":"PropertyValueSpecification","valueRequired":true,"valueName":"search_term_string"}}],"inLanguage":"ca"},{"@type":"Person","@id":"https:\/\/calviadeportes.com\/ca\/#\/schema\/person\/a7fc55eb915b1a69915da307231a7592","name":"calviadeportes","image":{"@type":"ImageObject","inLanguage":"ca","@id":"https:\/\/secure.gravatar.com\/avatar\/87b9691b2c03ec0a454b08f3ed3df8fe97eaebe509ce5afc0ba27f40dd959288?s=96&d=mm&r=g","url":"https:\/\/secure.gravatar.com\/avatar\/87b9691b2c03ec0a454b08f3ed3df8fe97eaebe509ce5afc0ba27f40dd959288?s=96&d=mm&r=g","contentUrl":"https:\/\/secure.gravatar.com\/avatar\/87b9691b2c03ec0a454b08f3ed3df8fe97eaebe509ce5afc0ba27f40dd959288?s=96&d=mm&r=g","caption":"calviadeportes"},"sameAs":["http:\/\/calviadeportes.wordpress.com"],"url":"https:\/\/calviadeportes.com\/ca\/author\/calviadeportes\/"}]}},"jetpack_publicize_connections":[],"jetpack_likes_enabled":false,"jetpack_sharing_enabled":false,"jetpack_shortlink":"https:\/\/wp.me\/pckSre-3GB","jetpack_featured_media_url":"https:\/\/i0.wp.com\/calviadeportes.com\/wp-content\/uploads\/2020\/12\/Carlos-Cabeza_web03-1140x1140-1.jpg?fit=1140%2C1140&ssl=1","_links":{"self":[{"href":"https:\/\/calviadeportes.com\/ca\/wp-json\/wp\/v2\/posts\/14173","targetHints":{"allow":["GET"]}}],"collection":[{"href":"https:\/\/calviadeportes.com\/ca\/wp-json\/wp\/v2\/posts"}],"about":[{"href":"https:\/\/calviadeportes.com\/ca\/wp-json\/wp\/v2\/types\/post"}],"author":[{"embeddable":true,"href":"https:\/\/calviadeportes.com\/ca\/wp-json\/wp\/v2\/users\/75162113"}],"replies":[{"embeddable":true,"href":"https:\/\/calviadeportes.com\/ca\/wp-json\/wp\/v2\/comments?post=14173"}],"version-history":[{"count":7,"href":"https:\/\/calviadeportes.com\/ca\/wp-json\/wp\/v2\/posts\/14173\/revisions"}],"predecessor-version":[{"id":17202,"href":"https:\/\/calviadeportes.com\/ca\/wp-json\/wp\/v2\/posts\/14173\/revisions\/17202"}],"wp:featuredmedia":[{"embeddable":true,"href":"https:\/\/calviadeportes.com\/ca\/wp-json\/wp\/v2\/media\/14174"}],"wp:attachment":[{"href":"https:\/\/calviadeportes.com\/ca\/wp-json\/wp\/v2\/media?parent=14173"}],"wp:term":[{"taxonomy":"category","embeddable":true,"href":"https:\/\/calviadeportes.com\/ca\/wp-json\/wp\/v2\/categories?post=14173"},{"taxonomy":"post_tag","embeddable":true,"href":"https:\/\/calviadeportes.com\/ca\/wp-json\/wp\/v2\/tags?post=14173"}],"curies":[{"name":"wp","href":"https:\/\/api.w.org\/{rel}","templated":true}]}}